{"id":31005,"date":"2022-08-27T16:04:21","date_gmt":"2022-08-27T21:04:21","guid":{"rendered":"https:\/\/encuentroinformativo.com.mx\/?p=31005"},"modified":"2022-08-27T16:04:25","modified_gmt":"2022-08-27T21:04:25","slug":"condiciones-aptas-para-retorno-a-clases-sev","status":"publish","type":"post","link":"https:\/\/encuentroinformativo.com.mx\/?p=31005","title":{"rendered":"Condiciones aptas para retorno a clases: SEV"},"content":{"rendered":"\n<p><strong>Dar\u00edo Pale <\/strong><\/p>\n\n\n\n<p>Xalapa, Ver.- El coordinador de Delegaciones Regionales de la Secretar\u00eda de Educaci\u00f3n de Veracruz (SEV), V\u00edctor Emmanuel Vargas Barrientos, dio a conocer que est\u00e1n dadas las condiciones para el inicio del ciclo escolar 2022-2023 a partir del pr\u00f3ximo lunes 29 de agosto.<\/p>\n\n\n\n<p>En entrevista asegur\u00f3 que ser\u00e1 sin contratiempos para que toda la comunidad estudiantil de Educaci\u00f3n B\u00e1sica se incorpore a las aulas de manera presencial.<br>Dio a conocer que sostuvo una reuni\u00f3n con autoridades educativas, donde se determin\u00f3 que el retorno a clases presenciales ser\u00e1 generalizado en los 212 municipios del estado.<\/p>\n\n\n\n<p>\u201cLa Secretar\u00eda de Educaci\u00f3n de Veracruz est\u00e1 lista para que este lunes 29 de agosto, conforme lo marca el calendario escolar y en cumplimiento a la instrucci\u00f3n del secretario de Educaci\u00f3n, se inicien las clases de manera presencial al cien por ciento en las tres regiones en que est\u00e1 dividido el estado, incluyendo la zona de las Altas Monta\u00f1as\u201d, se\u00f1al\u00f3.<\/p>\n\n\n\n<p>Destac\u00f3 que a trav\u00e9s del Instituto de Espacios Educativos del Estado de Veracruz (IEEV) son atendidas las escuelas que presentaron da\u00f1os por las lluvias, sin que \u00e9stos representen un riesgo en el regreso a clases.<\/p>\n\n\n\n<p>Vargas Barrientos tambi\u00e9n se\u00f1al\u00f3 que para seguridad de la comunidad educativa se continuar\u00e1 con la aplicaci\u00f3n de los protocolos sanitarios.<\/p>\n\n\n\n<p>Finalmente cabe recordar que a partir del lunes 29 de agosto un total de 1 mill\u00f3n 349 mil 290 estudiantes y 87 mil 507 profesores iniciar\u00e1n el ciclo escolar 2022-2023, tambi\u00e9n abrir\u00e1n sus puertas 20 mil 471 planteles.<\/p>\n","protected":false},"excerpt":{"rendered":"<p>Dar\u00edo Pale Xalapa, Ver.- El coordinador de Delegaciones Regionales de la Secretar\u00eda de Educaci\u00f3n de Veracruz (SEV), V\u00edctor Emmanuel Vargas Barrientos, dio a conocer que est\u00e1n dadas las condiciones para el inicio del ciclo escolar 2022-2023 a partir del pr\u00f3ximo lunes 29 de agosto. En entrevista asegur\u00f3 que ser\u00e1 sin contratiempos para que toda la [&hellip;]<\/p>\n","protected":false},"author":1,"featured_media":31006,"comment_status":"open","ping_status":"open","sticky":false,"template":"","format":"standard","meta":{"_jetpack_memberships_contains_paid_content":false,"footnotes":""},"categories":[2],"tags":[],"class_list":["post-31005","post","type-post","status-publish","format-standard","has-post-thumbnail","hentry","category-estado"],"jetpack_featured_media_url":"https:\/\/encuentroinformativo.com.mx\/wp-content\/uploads\/2022\/08\/FB29F27F-AA35-4EF1-852E-F41678E4CA22.jpeg","jetpack_sharing_enabled":true,"jetpack_likes_enabled":true,"amp_enabled":true,"_links":{"self":[{"href":"https:\/\/encuentroinformativo.com.mx\/index.php?rest_route=\/wp\/v2\/posts\/31005","targetHints":{"allow":["GET"]}}],"collection":[{"href":"https:\/\/encuentroinformativo.com.mx\/index.php?rest_route=\/wp\/v2\/posts"}],"about":[{"href":"https:\/\/encuentroinformativo.com.mx\/index.php?rest_route=\/wp\/v2\/types\/post"}],"author":[{"embeddable":true,"href":"https:\/\/encuentroinformativo.com.mx\/index.php?rest_route=\/wp\/v2\/users\/1"}],"replies":[{"embeddable":true,"href":"https:\/\/encuentroinformativo.com.mx\/index.php?rest_route=%2Fwp%2Fv2%2Fcomments&post=31005"}],"version-history":[{"count":1,"href":"https:\/\/encuentroinformativo.com.mx\/index.php?rest_route=\/wp\/v2\/posts\/31005\/revisions"}],"predecessor-version":[{"id":31007,"href":"https:\/\/encuentroinformativo.com.mx\/index.php?rest_route=\/wp\/v2\/posts\/31005\/revisions\/31007"}],"wp:featuredmedia":[{"embeddable":true,"href":"https:\/\/encuentroinformativo.com.mx\/index.php?rest_route=\/wp\/v2\/media\/31006"}],"wp:attachment":[{"href":"https:\/\/encuentroinformativo.com.mx\/index.php?rest_route=%2Fwp%2Fv2%2Fmedia&parent=31005"}],"wp:term":[{"taxonomy":"category","embeddable":true,"href":"https:\/\/encuentroinformativo.com.mx\/index.php?rest_route=%2Fwp%2Fv2%2Fcategories&post=31005"},{"taxonomy":"post_tag","embeddable":true,"href":"https:\/\/encuentroinformativo.com.mx\/index.php?rest_route=%2Fwp%2Fv2%2Ftags&post=31005"}],"curies":[{"name":"wp","href":"https:\/\/api.w.org\/{rel}","templated":true}]}}