{"id":31018,"date":"2022-08-28T13:53:00","date_gmt":"2022-08-28T18:53:00","guid":{"rendered":"https:\/\/encuentroinformativo.com.mx\/?p=31018"},"modified":"2022-08-28T13:53:08","modified_gmt":"2022-08-28T18:53:08","slug":"uso-de-tecnologias-provoca-huerfanos-digitales","status":"publish","type":"post","link":"https:\/\/encuentroinformativo.com.mx\/?p=31018","title":{"rendered":"Uso de tecnolog\u00edas provoca \u2018hu\u00e9rfanos digitales\u2019"},"content":{"rendered":"\n<p><strong>Juan Arcos <\/strong><\/p>\n\n\n\n<p>Xalapa, Ver.- Las redes sociales y el excesivo uso de internet por parte de madres y padres de familia han generado \u201chu\u00e9rfanos digitales\u201d en ni\u00f1as y ni\u00f1os tras la desvinculaci\u00f3n familiar.<\/p>\n\n\n\n<p>De acuerdo con la secretaria t\u00e9cnica del Sistema Municipal de Protecci\u00f3n de Ni\u00f1as, Ni\u00f1os y Adolescentes (Sipinna) en Xalapa, Mercy Esther P\u00e9rez Ar\u00e9valo, los menores se quejan de la falta de atenci\u00f3n y comunicaci\u00f3n con sus mam\u00e1s y pap\u00e1s.<\/p>\n\n\n\n<p>\u201cLa situaci\u00f3n es que, de repente, los padres, las familias dejan la interacci\u00f3n con los ni\u00f1os y ni\u00f1as por estar en el tel\u00e9fono, por utilizar las redes sociales y eso se conoce como los hu\u00e9rfanos digitales\u201d, manifest\u00f3.<\/p>\n\n\n\n<p>Los infantes han manifestado que en sus hogares no les escuchan y son ignorados, debido a que sus padres dedican m\u00e1s atenci\u00f3n al internet y a pasar un mayor tiempo en Facebook u otras plataformas digitales.<\/p>\n\n\n\n<p>\u201cHay un desplazamiento de la vinculaci\u00f3n y las relaciones de los ni\u00f1os con la familia, sin duda los medios digitales son elementos importantes para esta \u00e9poca de conocerse y conectarse, pero el uso indebido ha tra\u00eddo consecuencia para los ni\u00f1os\u201d, expres\u00f3 la especialista.<\/p>\n\n\n\n<p>M\u00e9xico es uno de los pa\u00edses donde m\u00e1s son utilizadas las redes sociales y donde han sido desplazadas otras actividades.<\/p>\n\n\n\n<p>\u201cSomos una sociedad que utiliza mucho el <em>Facebook<\/em> y lo ni\u00f1os se quejan que los pap\u00e1s no les ponen a atenci\u00f3n por estar en el tel\u00e9fono\u201d, agreg\u00f3.<\/p>\n","protected":false},"excerpt":{"rendered":"<p>Juan Arcos Xalapa, Ver.- Las redes sociales y el excesivo uso de internet por parte de madres y padres de familia han generado \u201chu\u00e9rfanos digitales\u201d en ni\u00f1as y ni\u00f1os tras la desvinculaci\u00f3n familiar. De acuerdo con la secretaria t\u00e9cnica del Sistema Municipal de Protecci\u00f3n de Ni\u00f1as, Ni\u00f1os y Adolescentes (Sipinna) en Xalapa, Mercy Esther P\u00e9rez [&hellip;]<\/p>\n","protected":false},"author":1,"featured_media":6033,"comment_status":"open","ping_status":"open","sticky":false,"template":"","format":"standard","meta":{"_jetpack_memberships_contains_paid_content":false,"footnotes":""},"categories":[3],"tags":[],"class_list":["post-31018","post","type-post","status-publish","format-standard","has-post-thumbnail","hentry","category-xalapa"],"jetpack_featured_media_url":"https:\/\/encuentroinformativo.com.mx\/wp-content\/uploads\/2020\/09\/F536A66E-9ECD-46F4-B341-0A14B7752AF8.jpeg","jetpack_sharing_enabled":true,"jetpack_likes_enabled":true,"amp_enabled":true,"_links":{"self":[{"href":"https:\/\/encuentroinformativo.com.mx\/index.php?rest_route=\/wp\/v2\/posts\/31018","targetHints":{"allow":["GET"]}}],"collection":[{"href":"https:\/\/encuentroinformativo.com.mx\/index.php?rest_route=\/wp\/v2\/posts"}],"about":[{"href":"https:\/\/encuentroinformativo.com.mx\/index.php?rest_route=\/wp\/v2\/types\/post"}],"author":[{"embeddable":true,"href":"https:\/\/encuentroinformativo.com.mx\/index.php?rest_route=\/wp\/v2\/users\/1"}],"replies":[{"embeddable":true,"href":"https:\/\/encuentroinformativo.com.mx\/index.php?rest_route=%2Fwp%2Fv2%2Fcomments&post=31018"}],"version-history":[{"count":1,"href":"https:\/\/encuentroinformativo.com.mx\/index.php?rest_route=\/wp\/v2\/posts\/31018\/revisions"}],"predecessor-version":[{"id":31019,"href":"https:\/\/encuentroinformativo.com.mx\/index.php?rest_route=\/wp\/v2\/posts\/31018\/revisions\/31019"}],"wp:featuredmedia":[{"embeddable":true,"href":"https:\/\/encuentroinformativo.com.mx\/index.php?rest_route=\/wp\/v2\/media\/6033"}],"wp:attachment":[{"href":"https:\/\/encuentroinformativo.com.mx\/index.php?rest_route=%2Fwp%2Fv2%2Fmedia&parent=31018"}],"wp:term":[{"taxonomy":"category","embeddable":true,"href":"https:\/\/encuentroinformativo.com.mx\/index.php?rest_route=%2Fwp%2Fv2%2Fcategories&post=31018"},{"taxonomy":"post_tag","embeddable":true,"href":"https:\/\/encuentroinformativo.com.mx\/index.php?rest_route=%2Fwp%2Fv2%2Ftags&post=31018"}],"curies":[{"name":"wp","href":"https:\/\/api.w.org\/{rel}","templated":true}]}}