{"id":31029,"date":"2022-08-29T09:43:52","date_gmt":"2022-08-29T14:43:52","guid":{"rendered":"https:\/\/encuentroinformativo.com.mx\/?p=31029"},"modified":"2022-08-29T09:43:56","modified_gmt":"2022-08-29T14:43:56","slug":"regresan-menos-a-clases","status":"publish","type":"post","link":"https:\/\/encuentroinformativo.com.mx\/?p=31029","title":{"rendered":"Regresan menos a clases"},"content":{"rendered":"\n<p><strong>N\u00fameros Rojos<\/strong><\/p>\n\n\n\n<p><strong>Brenda Caballero<\/strong><\/p>\n\n\n\n<p>Hoy despu\u00e9s de poco m\u00e1s de dos a\u00f1os de la pandemia de Covid 19, se espera el regreso a clases totalmente presencial de 29 millones 849 mil 46 alumnos y alumnas en M\u00e9xico.<\/p>\n\n\n\n<p>Hoy, en las aulas escolares entre la poblaci\u00f3n estudiantil y docente se espera una convivencia lo m\u00e1s parecido a antes del 27 de febrero de 2020, fecha en que se detect\u00f3 oficialmente el primer caso de Covid 19 en nuestro pa\u00eds; aunque ya algunas escuelas ten\u00edan clases presenciales, otras se manten\u00edan con clases de manera h\u00edbrida o con horarios reducidos.<\/p>\n\n\n\n<p>En Veracruz, el secretario de Educaci\u00f3n Zenyazen Roberto Escobar Garc\u00eda espera que para el ciclo escolar 2022-2023, regresen a las aulas un total de un mill\u00f3n 329 mil 290 alumnos de los niveles de preescolar, primaria y secundaria, as\u00ed lo dio a conocer de manera oficial.<\/p>\n\n\n\n<p>Pero no todos los ni\u00f1os ni las ni\u00f1as regresar\u00e1n este lunes a las aulas\u2026 muchos han desertado.<\/p>\n\n\n\n<p>La misma Secretar\u00eda de Educaci\u00f3n P\u00fablica (SEP) lanz\u00f3 a principios de este mes la campa\u00f1a&nbsp; \u201cTodas y todos por la educaci\u00f3n\u201d que incluye becas, apoyos en especie, uniformes, \u00fatiles escolares, para evitar el abandono escolar, pues el Organismo Civil Educaci\u00f3n con Rumbo (ECR) detect\u00f3 que en los ciclos escolares 2020-2021 y 2021-2022, un mill\u00f3n 423 mil 154 estudiantes de preescolar, educaci\u00f3n b\u00e1sica y bachillerato, abandonaron sus clases.<\/p>\n\n\n\n<p>Veracruz tambi\u00e9n sufri\u00f3 una deserci\u00f3n escolar significativa, como lo muestra la informaci\u00f3n en su p\u00e1gina con el link <a href=\"https:\/\/www.sev.gob.mx\/v1\/servicios\/anuario-estadistico\/consulta\/\" target=\"_blank\" rel=\"noreferrer noopener\">https:\/\/www.sev.gob.mx\/v1\/servicios\/anuario-estadistico\/consulta\/<\/a>.<\/p>\n\n\n\n<p>Si consultamos los ciclos escolares, la matr\u00edcula de alumnos ha ido a la baja. De acuerdo al Anuario Estad\u00edstico de la p\u00e1gina de la SEV, se incluy\u00f3 a alumnos de educaci\u00f3n inicial, especial, preescolar, primaria, formaci\u00f3n para el trabajo, educaci\u00f3n secundaria, profesional t\u00e9cnico, bachillerato, educaci\u00f3n para adultos, t\u00e9cnico superior universitario, normal, licenciatura universitaria y tecnol\u00f3gica as\u00ed como postgrado universitario y tecnol\u00f3gico.<\/p>\n\n\n\n<p>En el ciclo 2018-2019 hab\u00eda 24 mil 36 escuelas con 2 millones 235 mil 956 alumnos. En el siguiente ciclo, 2019-20 ya se reportaban 23 mil 920 escuelas que albergaban a 2 millones 199 mil 954 alumnos\u2026 \u00bfNota la reducci\u00f3n de planteles y estudiantado?<\/p>\n\n\n\n<p>En el ciclo escolar de Pandemia, 2020-21, hab\u00eda 23 mil 724 escuelas con 2 millones 120 mil 425 alumnos.<\/p>\n\n\n\n<p>En el reciente ciclo escolar que concluy\u00f3, 2021-22, los planteles escolares 23 mil 512 con 2 millones 30 mil 443 alumnos.<\/p>\n\n\n\n<p>\u00bfQu\u00e9 pasa para que la poblaci\u00f3n estudiantil disminuya cada vez m\u00e1s en cada ciclo escolar que avanzamos?&nbsp;<\/p>\n\n\n\n<p>Si bien la pandemia de Covid 19 increment\u00f3 la deserci\u00f3n escolar en el estado y en el pa\u00eds, la disminuci\u00f3n de la matr\u00edcula se viene dando en cada ciclo escolar que pasa.<\/p>\n\n\n\n<p>Los estudiosos del tema han mencionado diversos factores que influyen en el abandono a la educaci\u00f3n, que van desde factores socioecon\u00f3micos principalmente, personales o psicol\u00f3gicos, adem\u00e1s de institucionales, familiares y sociales como el&nbsp; mismo bullying.<\/p>\n\n\n\n<p>Hoy estaremos escuchando noticias y&nbsp; eventos para dar inicio con el nuevo ciclo escolar en Veracruz, \u00bfpero ya tienen las autoridades del estado una estrategia para evitar que siga la deserci\u00f3n escolar que afecta principalmente a las mujeres y ni\u00f1as?&nbsp;<\/p>\n\n\n\n<p>Twiter: @NumerosRojos_BC<\/p>\n\n\n\n<p><a href=\"mailto:caballero_brenda@hotmail.com\" target=\"_blank\" rel=\"noreferrer noopener\">caballero_brenda@hotmail.com<\/a><\/p>\n","protected":false},"excerpt":{"rendered":"<p>N\u00fameros Rojos Brenda Caballero Hoy despu\u00e9s de poco m\u00e1s de dos a\u00f1os de la pandemia de Covid 19, se espera el regreso a clases totalmente presencial de 29 millones 849 mil 46 alumnos y alumnas en M\u00e9xico. Hoy, en las aulas escolares entre la poblaci\u00f3n estudiantil y docente se espera una convivencia lo m\u00e1s parecido [&hellip;]<\/p>\n","protected":false},"author":1,"featured_media":387,"comment_status":"open","ping_status":"open","sticky":false,"template":"","format":"standard","meta":{"_jetpack_memberships_contains_paid_content":false,"footnotes":""},"categories":[11],"tags":[],"class_list":["post-31029","post","type-post","status-publish","format-standard","has-post-thumbnail","hentry","category-opinion"],"jetpack_featured_media_url":"https:\/\/encuentroinformativo.com.mx\/wp-content\/uploads\/2020\/03\/7CF8A22B-2764-47BE-8F7F-38FE9E5D6A2F.jpeg","jetpack_sharing_enabled":true,"jetpack_likes_enabled":true,"amp_enabled":true,"_links":{"self":[{"href":"https:\/\/encuentroinformativo.com.mx\/index.php?rest_route=\/wp\/v2\/posts\/31029","targetHints":{"allow":["GET"]}}],"collection":[{"href":"https:\/\/encuentroinformativo.com.mx\/index.php?rest_route=\/wp\/v2\/posts"}],"about":[{"href":"https:\/\/encuentroinformativo.com.mx\/index.php?rest_route=\/wp\/v2\/types\/post"}],"author":[{"embeddable":true,"href":"https:\/\/encuentroinformativo.com.mx\/index.php?rest_route=\/wp\/v2\/users\/1"}],"replies":[{"embeddable":true,"href":"https:\/\/encuentroinformativo.com.mx\/index.php?rest_route=%2Fwp%2Fv2%2Fcomments&post=31029"}],"version-history":[{"count":1,"href":"https:\/\/encuentroinformativo.com.mx\/index.php?rest_route=\/wp\/v2\/posts\/31029\/revisions"}],"predecessor-version":[{"id":31030,"href":"https:\/\/encuentroinformativo.com.mx\/index.php?rest_route=\/wp\/v2\/posts\/31029\/revisions\/31030"}],"wp:featuredmedia":[{"embeddable":true,"href":"https:\/\/encuentroinformativo.com.mx\/index.php?rest_route=\/wp\/v2\/media\/387"}],"wp:attachment":[{"href":"https:\/\/encuentroinformativo.com.mx\/index.php?rest_route=%2Fwp%2Fv2%2Fmedia&parent=31029"}],"wp:term":[{"taxonomy":"category","embeddable":true,"href":"https:\/\/encuentroinformativo.com.mx\/index.php?rest_route=%2Fwp%2Fv2%2Fcategories&post=31029"},{"taxonomy":"post_tag","embeddable":true,"href":"https:\/\/encuentroinformativo.com.mx\/index.php?rest_route=%2Fwp%2Fv2%2Ftags&post=31029"}],"curies":[{"name":"wp","href":"https:\/\/api.w.org\/{rel}","templated":true}]}}