{"id":31031,"date":"2022-08-29T09:50:53","date_gmt":"2022-08-29T14:50:53","guid":{"rendered":"https:\/\/encuentroinformativo.com.mx\/?p=31031"},"modified":"2022-08-29T09:50:56","modified_gmt":"2022-08-29T14:50:56","slug":"docentes-toman-secundaria-jose-azueta-en-boca-del-rio","status":"publish","type":"post","link":"https:\/\/encuentroinformativo.com.mx\/?p=31031","title":{"rendered":"Docentes toman secundaria &#8220;Jos\u00e9 Azueta&#8221; en Boca del R\u00edo"},"content":{"rendered":"\n<p><strong>Alejandro \u00c1vila\u00a0<\/strong><\/p>\n\n\n\n<p>Boca del R\u00edo, Ver.- Docentes y personal administrativo tomaron las instalaciones de la Escuela Secundaria Federal n\u00famero 1 &#8220;Jos\u00e9 Azueta&#8221;, en el municipio de Boca del R\u00edo.<\/p>\n\n\n\n<p>Los quejosos se\u00f1alan a la actual directora Laura Vanessa Mart\u00ednez Alvarado de hostigamiento, violencia laboral discriminaci\u00f3n abuso de autoridad y violencia a los derechos de antig\u00fcedad.<\/p>\n\n\n\n<p>De la misma manera mencionaron que, a pesar de los reclamos de alumnos y la sociedad de padres de familia, no ha reparado ventiladores y aires acondicionados, as\u00ed como los sanitarios de la escuela.<\/p>\n\n\n\n<p>&#8220;Tenemos un conflicto, porque viola nuestros derechos laborales, sindicales, nos intimida psicol\u00f3gicamente, tenemos este tipo de agresi\u00f3n, agresi\u00f3n emocional, el autoestima de los compa\u00f1eros, pues ya no quieren venir ni a la escuela, adem\u00e1s que discrimina a las personas, y cambia, ahorita en los horarios tuvimos un grave problema, porque ella tuvo que haber entregado los horarios antes de salir al receso escolar, estamos hablando del 28 de julio, entonces ahorita nos entregan los horarios el 25 (de agosto), y hay muchos compa\u00f1eros que chocan sus horas porque trabajan en otras escuelas&#8221;, declar\u00f3 Guillermo Morales Morales, docente y secretario de Conflictos.<\/p>\n\n\n\n<p>Los manifestantes acusan tambi\u00e9n, al subsecretario de escuelas secundarias, Tom\u00e1s Castellanos Antonio, de proteger a la actual directora; qui\u00e9n aprovecha su posici\u00f3n para denostar y denigrar a sus colegas.<\/p>\n\n\n\n<p>A pesar de las constantes quejas de noviembre del 2021, la delegada de la SEV, Diana Santiago Huesca, ha hecho caso omiso al conflicto; por lo que los docentes solicitan la ayuda del secretario de educaci\u00f3n de Veracruz, Zenyazen Escobar Garc\u00eda.<\/p>\n","protected":false},"excerpt":{"rendered":"<p>Alejandro \u00c1vila\u00a0 Boca del R\u00edo, Ver.- Docentes y personal administrativo tomaron las instalaciones de la Escuela Secundaria Federal n\u00famero 1 &#8220;Jos\u00e9 Azueta&#8221;, en el municipio de Boca del R\u00edo. Los quejosos se\u00f1alan a la actual directora Laura Vanessa Mart\u00ednez Alvarado de hostigamiento, violencia laboral discriminaci\u00f3n abuso de autoridad y violencia a los derechos de antig\u00fcedad. [&hellip;]<\/p>\n","protected":false},"author":1,"featured_media":31032,"comment_status":"open","ping_status":"open","sticky":false,"template":"","format":"standard","meta":{"_jetpack_memberships_contains_paid_content":false,"footnotes":""},"categories":[2],"tags":[],"class_list":["post-31031","post","type-post","status-publish","format-standard","has-post-thumbnail","hentry","category-estado"],"jetpack_featured_media_url":"https:\/\/encuentroinformativo.com.mx\/wp-content\/uploads\/2022\/08\/507D8982-9FF8-4D47-A4ED-621C358C0CC0.jpeg","jetpack_sharing_enabled":true,"jetpack_likes_enabled":true,"amp_enabled":true,"_links":{"self":[{"href":"https:\/\/encuentroinformativo.com.mx\/index.php?rest_route=\/wp\/v2\/posts\/31031","targetHints":{"allow":["GET"]}}],"collection":[{"href":"https:\/\/encuentroinformativo.com.mx\/index.php?rest_route=\/wp\/v2\/posts"}],"about":[{"href":"https:\/\/encuentroinformativo.com.mx\/index.php?rest_route=\/wp\/v2\/types\/post"}],"author":[{"embeddable":true,"href":"https:\/\/encuentroinformativo.com.mx\/index.php?rest_route=\/wp\/v2\/users\/1"}],"replies":[{"embeddable":true,"href":"https:\/\/encuentroinformativo.com.mx\/index.php?rest_route=%2Fwp%2Fv2%2Fcomments&post=31031"}],"version-history":[{"count":1,"href":"https:\/\/encuentroinformativo.com.mx\/index.php?rest_route=\/wp\/v2\/posts\/31031\/revisions"}],"predecessor-version":[{"id":31033,"href":"https:\/\/encuentroinformativo.com.mx\/index.php?rest_route=\/wp\/v2\/posts\/31031\/revisions\/31033"}],"wp:featuredmedia":[{"embeddable":true,"href":"https:\/\/encuentroinformativo.com.mx\/index.php?rest_route=\/wp\/v2\/media\/31032"}],"wp:attachment":[{"href":"https:\/\/encuentroinformativo.com.mx\/index.php?rest_route=%2Fwp%2Fv2%2Fmedia&parent=31031"}],"wp:term":[{"taxonomy":"category","embeddable":true,"href":"https:\/\/encuentroinformativo.com.mx\/index.php?rest_route=%2Fwp%2Fv2%2Fcategories&post=31031"},{"taxonomy":"post_tag","embeddable":true,"href":"https:\/\/encuentroinformativo.com.mx\/index.php?rest_route=%2Fwp%2Fv2%2Ftags&post=31031"}],"curies":[{"name":"wp","href":"https:\/\/api.w.org\/{rel}","templated":true}]}}