{"id":31035,"date":"2022-08-29T10:33:05","date_gmt":"2022-08-29T15:33:05","guid":{"rendered":"https:\/\/encuentroinformativo.com.mx\/?p=31035"},"modified":"2022-08-29T10:33:09","modified_gmt":"2022-08-29T15:33:09","slug":"en-primer-dia-de-clases-llegan-tarde","status":"publish","type":"post","link":"https:\/\/encuentroinformativo.com.mx\/?p=31035","title":{"rendered":"En primer d\u00eda de clases, llegan tarde"},"content":{"rendered":"\n<p><strong>Juan Arcos<\/strong><\/p>\n\n\n\n<p>Xalapa, Ver.- Decenas de estudiantes de distintas escuelas del centro de esta ciudad de Xalapa llegaron tarde en este primer d\u00eda de clases para el ciclo escolar 2022-2023.<\/p>\n\n\n\n<p>Las madres y padres de familia atribuyeron el retardo a las obras que lleva a cabo el ayuntamiento de Xalapa y que mantiene calles totalmente cerradas en distintos puntos de la capital.<\/p>\n\n\n\n<p>Las personas dijeron de manera an\u00f3nima que salieron una hora antes de las ocho de la ma\u00f1ana, para llegar puntualmente a los planteles; sin embargo, no fue posible por el tr\u00e1fico.<\/p>\n\n\n\n<p>\u201cFue ca\u00f3tico por el tr\u00e1fico que gener\u00f3 el regreso a clases, porque muchas vialidades est\u00e1n cerradas y eso hace que se congestionen varias arterias, se nos complic\u00f3 y no pudimos llegar a tiempo al acto a la bandera y esperar la hora de poder ingresar a la instituci\u00f3n\u201d, expresaron.<\/p>\n\n\n\n<p>Tan solo en la escuela primaria \u201cEnrique C. Rebsamen\u201d, ubicada sobre la calle Guti\u00e9rrez Zamora, fueron varios alumnos que no llegaron a tiempo a los salones de clases.<\/p>\n\n\n\n<p>Algunos padres de familia se trasladaron de la zona sur hacia el centro de la ciudad, qued\u00e1ndose varados en vialidades como el bulevar Rafael Gu\u00edzar y Valencia, mejor conocido como Arco Sur, y la avenida Rebsamen, por mencionar algunas.<\/p>\n\n\n\n<p>Otros pap\u00e1s se trasladaron desde la zona del cerro de Macuilt\u00e9petl, haciendo m\u00e1s de una hora de recorrido por los embotellamientos sobre la avenida 20 de Noviembre, 5 de Febrero y otras calles.<\/p>\n\n\n\n<p>\u201cEstamos tarde, esperando a que nos permitan la entrada debido al caos vial que est\u00e1 en la ciudad, nosotros salimos pr\u00e1cticamente una hora antes de la entrada, en la colonia Progreso\u201d.<\/p>\n\n\n\n<p>En el estado de Veracruz regresaron a clases 1 mill\u00f3n 349 mil estudiantes de educaci\u00f3n b\u00e1sica, m\u00e1s de 87 mil 507 profesores en las casi 21 mil escuelas.<\/p>\n","protected":false},"excerpt":{"rendered":"<p>Juan Arcos Xalapa, Ver.- Decenas de estudiantes de distintas escuelas del centro de esta ciudad de Xalapa llegaron tarde en este primer d\u00eda de clases para el ciclo escolar 2022-2023. Las madres y padres de familia atribuyeron el retardo a las obras que lleva a cabo el ayuntamiento de Xalapa y que mantiene calles totalmente [&hellip;]<\/p>\n","protected":false},"author":1,"featured_media":31036,"comment_status":"open","ping_status":"open","sticky":false,"template":"","format":"standard","meta":{"_jetpack_memberships_contains_paid_content":false,"footnotes":""},"categories":[3],"tags":[],"class_list":["post-31035","post","type-post","status-publish","format-standard","has-post-thumbnail","hentry","category-xalapa"],"jetpack_featured_media_url":"https:\/\/encuentroinformativo.com.mx\/wp-content\/uploads\/2022\/08\/7C949022-20EA-497D-9EEE-8E5CE26DCF0F.jpeg","jetpack_sharing_enabled":true,"jetpack_likes_enabled":true,"amp_enabled":true,"_links":{"self":[{"href":"https:\/\/encuentroinformativo.com.mx\/index.php?rest_route=\/wp\/v2\/posts\/31035","targetHints":{"allow":["GET"]}}],"collection":[{"href":"https:\/\/encuentroinformativo.com.mx\/index.php?rest_route=\/wp\/v2\/posts"}],"about":[{"href":"https:\/\/encuentroinformativo.com.mx\/index.php?rest_route=\/wp\/v2\/types\/post"}],"author":[{"embeddable":true,"href":"https:\/\/encuentroinformativo.com.mx\/index.php?rest_route=\/wp\/v2\/users\/1"}],"replies":[{"embeddable":true,"href":"https:\/\/encuentroinformativo.com.mx\/index.php?rest_route=%2Fwp%2Fv2%2Fcomments&post=31035"}],"version-history":[{"count":1,"href":"https:\/\/encuentroinformativo.com.mx\/index.php?rest_route=\/wp\/v2\/posts\/31035\/revisions"}],"predecessor-version":[{"id":31037,"href":"https:\/\/encuentroinformativo.com.mx\/index.php?rest_route=\/wp\/v2\/posts\/31035\/revisions\/31037"}],"wp:featuredmedia":[{"embeddable":true,"href":"https:\/\/encuentroinformativo.com.mx\/index.php?rest_route=\/wp\/v2\/media\/31036"}],"wp:attachment":[{"href":"https:\/\/encuentroinformativo.com.mx\/index.php?rest_route=%2Fwp%2Fv2%2Fmedia&parent=31035"}],"wp:term":[{"taxonomy":"category","embeddable":true,"href":"https:\/\/encuentroinformativo.com.mx\/index.php?rest_route=%2Fwp%2Fv2%2Fcategories&post=31035"},{"taxonomy":"post_tag","embeddable":true,"href":"https:\/\/encuentroinformativo.com.mx\/index.php?rest_route=%2Fwp%2Fv2%2Ftags&post=31035"}],"curies":[{"name":"wp","href":"https:\/\/api.w.org\/{rel}","templated":true}]}}