{"id":31042,"date":"2022-08-29T11:39:58","date_gmt":"2022-08-29T16:39:58","guid":{"rendered":"https:\/\/encuentroinformativo.com.mx\/?p=31042"},"modified":"2022-08-29T11:40:01","modified_gmt":"2022-08-29T16:40:01","slug":"niegan-inscripcion-a-estudiantes-en-chavarrillo","status":"publish","type":"post","link":"https:\/\/encuentroinformativo.com.mx\/?p=31042","title":{"rendered":"Niegan inscripci\u00f3n a estudiantes en Chavarrillo"},"content":{"rendered":"\n<p><strong>Juan Arcos <\/strong><\/p>\n\n\n\n<p>Emiliano Zapata, Ver.- Madres y padres de familia denunciaron que directivos de la escuela primaria \u201cVanguardia de la Revoluci\u00f3n Socialista\u201d, ubicada en la localidad Chavarrillo, municipio de Emiliano Zapata, negaron la inscripci\u00f3n a cuatro estudiantes, quienes no pudieron ingresar a clases este lunes 29 de agosto.<\/p>\n\n\n\n<p>Se trata de alumnos que habitan en esa comunidad, ubicada a 20 kil\u00f3metros de esta ciudad de Xalapa, donde los pap\u00e1s acusaron que les han negado el derecho a la educaci\u00f3n.<\/p>\n\n\n\n<p>De acuerdo con una de las mam\u00e1s afectadas, quien solicit\u00f3 el anonimato, el director del plantel, Juan Carlos Maldonado Gonz\u00e1lez, les neg\u00f3 el ingreso, bajo el argumento de que ya no hab\u00eda cupo.<\/p>\n\n\n\n<p>\u201cQuise meterla ah\u00ed pero el director me dijo que ya no hab\u00eda cupo para mi hija y me dijo que buscara otro lugar, y que si en alg\u00fan momento daban de baja a alguno de los ni\u00f1os me llamaba, pero no tengo recursos para andarla cambiando de escuela\u201d, a\u00f1adi\u00f3.<\/p>\n\n\n\n<p>Adem\u00e1s, el acad\u00e9mico les sugiri\u00f3 que inscribieran a sus hijos en escuelas de otras localidades como El Chico o La Estaci\u00f3n.<\/p>\n\n\n\n<p>\u201cVarias mam\u00e1s dicen que se quedaron sus ni\u00f1os sin entrar, porque el director les dijo lo mismo, que ya no hab\u00eda cupo. En un caso, su hija estudiaba en El Lencero, pas\u00f3 con el director y a ella s\u00ed la acept\u00f3. Pero a mi hija no, otras tres mam\u00e1s que se quedaron ah\u00ed porque rechazaron a nuestros hijos\u201d, enfatiz\u00f3.<\/p>\n\n\n\n<p>En ese sentido, pidieron la intervenci\u00f3n de las autoridades de la Secretar\u00eda de Educaci\u00f3n de Veracruz (SEV) para que supervisen el actuar del Director del plantel y garantizar que no se cometan anomal\u00edas.<\/p>\n\n\n\n<p>\u201cNo nos pareci\u00f3, c\u00f3mo es que a mi hija no la aceptaron por falta de cupo y a otras s\u00ed, es injusto\u201d, remat\u00f3 la madre de familia.<\/p>\n","protected":false},"excerpt":{"rendered":"<p>Juan Arcos Emiliano Zapata, Ver.- Madres y padres de familia denunciaron que directivos de la escuela primaria \u201cVanguardia de la Revoluci\u00f3n Socialista\u201d, ubicada en la localidad Chavarrillo, municipio de Emiliano Zapata, negaron la inscripci\u00f3n a cuatro estudiantes, quienes no pudieron ingresar a clases este lunes 29 de agosto. Se trata de alumnos que habitan en [&hellip;]<\/p>\n","protected":false},"author":1,"featured_media":31043,"comment_status":"open","ping_status":"open","sticky":false,"template":"","format":"standard","meta":{"_jetpack_memberships_contains_paid_content":false,"footnotes":""},"categories":[8],"tags":[],"class_list":["post-31042","post","type-post","status-publish","format-standard","has-post-thumbnail","hentry","category-region"],"jetpack_featured_media_url":"https:\/\/encuentroinformativo.com.mx\/wp-content\/uploads\/2022\/08\/B88691E8-1FA3-46BE-8000-8BC61C64EF89.jpeg","jetpack_sharing_enabled":true,"jetpack_likes_enabled":true,"amp_enabled":true,"_links":{"self":[{"href":"https:\/\/encuentroinformativo.com.mx\/index.php?rest_route=\/wp\/v2\/posts\/31042","targetHints":{"allow":["GET"]}}],"collection":[{"href":"https:\/\/encuentroinformativo.com.mx\/index.php?rest_route=\/wp\/v2\/posts"}],"about":[{"href":"https:\/\/encuentroinformativo.com.mx\/index.php?rest_route=\/wp\/v2\/types\/post"}],"author":[{"embeddable":true,"href":"https:\/\/encuentroinformativo.com.mx\/index.php?rest_route=\/wp\/v2\/users\/1"}],"replies":[{"embeddable":true,"href":"https:\/\/encuentroinformativo.com.mx\/index.php?rest_route=%2Fwp%2Fv2%2Fcomments&post=31042"}],"version-history":[{"count":1,"href":"https:\/\/encuentroinformativo.com.mx\/index.php?rest_route=\/wp\/v2\/posts\/31042\/revisions"}],"predecessor-version":[{"id":31044,"href":"https:\/\/encuentroinformativo.com.mx\/index.php?rest_route=\/wp\/v2\/posts\/31042\/revisions\/31044"}],"wp:featuredmedia":[{"embeddable":true,"href":"https:\/\/encuentroinformativo.com.mx\/index.php?rest_route=\/wp\/v2\/media\/31043"}],"wp:attachment":[{"href":"https:\/\/encuentroinformativo.com.mx\/index.php?rest_route=%2Fwp%2Fv2%2Fmedia&parent=31042"}],"wp:term":[{"taxonomy":"category","embeddable":true,"href":"https:\/\/encuentroinformativo.com.mx\/index.php?rest_route=%2Fwp%2Fv2%2Fcategories&post=31042"},{"taxonomy":"post_tag","embeddable":true,"href":"https:\/\/encuentroinformativo.com.mx\/index.php?rest_route=%2Fwp%2Fv2%2Ftags&post=31042"}],"curies":[{"name":"wp","href":"https:\/\/api.w.org\/{rel}","templated":true}]}}