{"id":31045,"date":"2022-08-29T11:45:29","date_gmt":"2022-08-29T16:45:29","guid":{"rendered":"https:\/\/encuentroinformativo.com.mx\/?p=31045"},"modified":"2022-08-29T11:45:32","modified_gmt":"2022-08-29T16:45:32","slug":"tres-escuelas-no-iniciaron-clases-sev","status":"publish","type":"post","link":"https:\/\/encuentroinformativo.com.mx\/?p=31045","title":{"rendered":"Tres escuelas no iniciaron clases: SEV"},"content":{"rendered":"\n<p><strong>Dar\u00edo Pale<\/strong><\/p>\n\n\n\n<p>Xalapa, Ver.- Este lunes solo tres escuelas no regresaron a clases presenciales al dar inicio el nuevo ciclo escolar 2022-2023 por diferentes motivos, as\u00ed lo inform\u00f3 el Secretario de Educaci\u00f3n Roberto Zenyazen Escobar Garc\u00eda.<\/p>\n\n\n\n<p>Entrevistado al t\u00e9rmino de la ceremonia de inicio de clases dio a conocer que, a lo largo de esta semana se tendr\u00e1n m\u00e1s datos al conocer el reporte de los delegados, ya \u00a0que recibir\u00e1n reportes de cu\u00e1ntas y cu\u00e1les no regresaron por carecer del servicio de energ\u00eda el\u00e9ctrica, falta de agua o alguna otra situaci\u00f3n.<\/p>\n\n\n\n<p>En relaci\u00f3n a los planteles que fueron vandalizados, Escobar Garc\u00eda expuso que tiene conocimiento de tres escuelas, una de \u00e9stas fue el CAM del puerto de Veracruz, asimismo, uno en esta capital.<\/p>\n\n\n\n<p>Consider\u00f3 que a pesar de ser afectada la escuela, no imped\u00eda que regresara a clases, ya que los padres y los docentes deb\u00edan haber entrado a hacer labores, incluso se ofreci\u00f3 a que los trabajadores de la SEV pueden apoyar.<\/p>\n\n\n\n<p>Aunque dijo que mientras tengan agua y luz pueden iniciar el ciclo escolar, &#8220;no impedir\u00eda el regreso&#8221;.<\/p>\n\n\n\n<p>Dio a conocer que los robos o actos de vandalismo fueron m\u00ednimos por el corto tiempo en el que se dej\u00f3 a las escuelas solas durante las vacaciones, adem\u00e1s de que hay una estrecha coordinaci\u00f3n con la Secretar\u00eda de Seguridad P\u00fablica y la Guardia Nacional.<\/p>\n\n\n\n<p>Finalmente cabe se\u00f1alar que este d\u00eda regresan a clases presenciales m\u00e1s de un mill\u00f3n 300 alumnos en m\u00e1s de m\u00e1s de 16 mil centros escolares, de educaci\u00f3n b\u00e1sica.<\/p>\n","protected":false},"excerpt":{"rendered":"<p>Dar\u00edo Pale Xalapa, Ver.- Este lunes solo tres escuelas no regresaron a clases presenciales al dar inicio el nuevo ciclo escolar 2022-2023 por diferentes motivos, as\u00ed lo inform\u00f3 el Secretario de Educaci\u00f3n Roberto Zenyazen Escobar Garc\u00eda. Entrevistado al t\u00e9rmino de la ceremonia de inicio de clases dio a conocer que, a lo largo de esta [&hellip;]<\/p>\n","protected":false},"author":1,"featured_media":31046,"comment_status":"open","ping_status":"open","sticky":false,"template":"","format":"standard","meta":{"_jetpack_memberships_contains_paid_content":false,"footnotes":""},"categories":[2],"tags":[],"class_list":["post-31045","post","type-post","status-publish","format-standard","has-post-thumbnail","hentry","category-estado"],"jetpack_featured_media_url":"https:\/\/encuentroinformativo.com.mx\/wp-content\/uploads\/2022\/08\/F3090130-0A83-411C-963F-FD94F1EFA536.jpeg","jetpack_sharing_enabled":true,"jetpack_likes_enabled":true,"amp_enabled":true,"_links":{"self":[{"href":"https:\/\/encuentroinformativo.com.mx\/index.php?rest_route=\/wp\/v2\/posts\/31045","targetHints":{"allow":["GET"]}}],"collection":[{"href":"https:\/\/encuentroinformativo.com.mx\/index.php?rest_route=\/wp\/v2\/posts"}],"about":[{"href":"https:\/\/encuentroinformativo.com.mx\/index.php?rest_route=\/wp\/v2\/types\/post"}],"author":[{"embeddable":true,"href":"https:\/\/encuentroinformativo.com.mx\/index.php?rest_route=\/wp\/v2\/users\/1"}],"replies":[{"embeddable":true,"href":"https:\/\/encuentroinformativo.com.mx\/index.php?rest_route=%2Fwp%2Fv2%2Fcomments&post=31045"}],"version-history":[{"count":1,"href":"https:\/\/encuentroinformativo.com.mx\/index.php?rest_route=\/wp\/v2\/posts\/31045\/revisions"}],"predecessor-version":[{"id":31047,"href":"https:\/\/encuentroinformativo.com.mx\/index.php?rest_route=\/wp\/v2\/posts\/31045\/revisions\/31047"}],"wp:featuredmedia":[{"embeddable":true,"href":"https:\/\/encuentroinformativo.com.mx\/index.php?rest_route=\/wp\/v2\/media\/31046"}],"wp:attachment":[{"href":"https:\/\/encuentroinformativo.com.mx\/index.php?rest_route=%2Fwp%2Fv2%2Fmedia&parent=31045"}],"wp:term":[{"taxonomy":"category","embeddable":true,"href":"https:\/\/encuentroinformativo.com.mx\/index.php?rest_route=%2Fwp%2Fv2%2Fcategories&post=31045"},{"taxonomy":"post_tag","embeddable":true,"href":"https:\/\/encuentroinformativo.com.mx\/index.php?rest_route=%2Fwp%2Fv2%2Ftags&post=31045"}],"curies":[{"name":"wp","href":"https:\/\/api.w.org\/{rel}","templated":true}]}}