{"id":31054,"date":"2022-08-29T12:27:11","date_gmt":"2022-08-29T17:27:11","guid":{"rendered":"https:\/\/encuentroinformativo.com.mx\/?p=31054"},"modified":"2022-08-29T12:32:19","modified_gmt":"2022-08-29T17:32:19","slug":"con-protesta-rechazan-perforacion-de-pozos-en-emiliano-zapata","status":"publish","type":"post","link":"https:\/\/encuentroinformativo.com.mx\/?p=31054","title":{"rendered":"Con protesta, rechazan perforaci\u00f3n de pozos en Emiliano Zapata"},"content":{"rendered":"\n<p><strong>Juan Arcos\/Dar\u00edo Pale <\/strong><\/p>\n\n\n\n<p>Xalapa, Ver.- Cientos de pobladores de 23 comunidades del municipio de Emiliano Zapata protestaron frente a Palacio de Gobierno para exigir a las autoridades que intervengan y as\u00ed impedir que la empresa Casas Carp\u00edn cese la perforaci\u00f3n de pozos para el suministro del fraccionamiento Terranova.<\/p>\n\n\n\n<p>Se trata de habitantes de Chavarrillo, Palmarejo, Miradores, Cerro Gordo, La Balsa, Vaquer\u00eda, El Chico, El Roble y Corral Falso, por mencionar algunas localidades, quienes detectaron las perforaciones para extraer el agua de los r\u00edos subterr\u00e1neos desde mayo pasado.<\/p>\n\n\n\n<p>La gente teme que las poblaciones se queden sin agua, como ha ocurrido recientemente en la ciudad de Monterrey, estado de Nuevo Le\u00f3n.<\/p>\n\n\n\n<p>De acuerdo con Ramos Gerardo B\u00e1ez Hern\u00e1ndez, de la comunidad La Estanzuela, este problema afectar\u00eda a las de 40 mil habitantes del municipio de Emiliano Zapata, una zona conurbada con Xalapa.<\/p>\n\n\n\n<p>En una primera etapa se hablaba de la construcci\u00f3n de 2 mil viviendas en el fraccionamiento Terranova, ubicado sobre la carretera Coatepec-Las Trancas, en la zona de El Chico.<\/p>\n\n\n\n<p>Sin embargo, el proyecto fue ampliado y ahora se pretenden construir 7 mil 500 casas, siendo el fraccionamiento m\u00e1s grande de la entidad veracruzana, donde actualmente ya habitan algunas familias.<\/p>\n\n\n\n<p>Por su parte, Ra\u00fal Ronz\u00f3n habitante de la localidad de Chavarrillo Pueblo, dijo que la afectaci\u00f3n ser\u00e1 contra 40 mil habitantes de distintas localidades y pidi\u00f3 que se entreguen los estudios con los que se determinaron estos proyectos, pues se presume corrupci\u00f3n, ya que la perforaci\u00f3n se har\u00eda a 500 metros de profundidad.<\/p>\n\n\n\n<p>Dijo que el pasado s\u00e1bado el presidente municipal Erick Ruiz confirm\u00f3 que se realizan proyectos de exploraci\u00f3n a pesar de que hay acuerdos de que no se realicen tras el bloqueo a la carretera en d\u00edas pasados.<\/p>\n\n\n\n<p>&#8220;Nos dimos cuenta de que que est\u00e1n trabajando, las redes sociales no mienten, las fotograf\u00edas y videos no mienten, los videos del Comit\u00e9 de Agua Potable de El Chico se dio a la tarea de presentar que es una realidad la perforaci\u00f3n&#8221;, se\u00f1al\u00f3.<\/p>\n\n\n\n<p>Advirti\u00f3 que dicha perforaci\u00f3n afectar\u00eda a los habitantes de Carrizal , Palmar y el Roble, entre otras.<\/p>\n\n\n\n<p>&#8220;Que nos respeten el agua que hemos tenido toda la vida, eso es lo que pedimos y queremos. Queremos que el agua sea nada m\u00e1s de Emiliano Zapata&#8221;, coment\u00f3<\/p>\n\n\n\n<p>Los quejosos exigieron una audiencia con el gobernador Cuitl\u00e1huac Garc\u00eda Jim\u00e9nez para exigir que detengan las perforaciones de pozos que podr\u00eda da\u00f1ar las cuencas de los r\u00edos Actopan y La Antigua.<\/p>\n\n\n\n<p>Tambi\u00e9n ya han emitido oficios al presidente de la Rep\u00fablica Mexicana, Andr\u00e9s Manuel L\u00f3pez Obrador, para defender el agua en la regi\u00f3n capital de Veracruz, toda vez que la Comisi\u00f3n Nacional del Agua (Conagua) otorg\u00f3 las concesiones a la empresa.<\/p>\n\n\n\n<p>Los pobladores amagaron con cerrar carreteras en la entidad, como parte de un movimiento ciudadano que ha iniciado una lucha en defensa del agua.<\/p>\n\n\n\n<figure class=\"wp-block-image size-large\"><img loading=\"lazy\" decoding=\"async\" width=\"1024\" height=\"683\" src=\"https:\/\/encuentroinformativo.com.mx\/wp-content\/uploads\/2022\/08\/2152EEAE-FD67-477F-87F8-4F13A28F3633-1024x683.jpeg\" alt=\"\" class=\"wp-image-31056\" srcset=\"https:\/\/encuentroinformativo.com.mx\/wp-content\/uploads\/2022\/08\/2152EEAE-FD67-477F-87F8-4F13A28F3633-1024x683.jpeg 1024w, https:\/\/encuentroinformativo.com.mx\/wp-content\/uploads\/2022\/08\/2152EEAE-FD67-477F-87F8-4F13A28F3633-300x200.jpeg 300w, https:\/\/encuentroinformativo.com.mx\/wp-content\/uploads\/2022\/08\/2152EEAE-FD67-477F-87F8-4F13A28F3633-768x512.jpeg 768w, https:\/\/encuentroinformativo.com.mx\/wp-content\/uploads\/2022\/08\/2152EEAE-FD67-477F-87F8-4F13A28F3633-1536x1024.jpeg 1536w, https:\/\/encuentroinformativo.com.mx\/wp-content\/uploads\/2022\/08\/2152EEAE-FD67-477F-87F8-4F13A28F3633.jpeg 1600w\" sizes=\"auto, (max-width: 1024px) 100vw, 1024px\" \/><\/figure>\n\n\n\n<figure class=\"wp-block-image size-large\"><img loading=\"lazy\" decoding=\"async\" width=\"1024\" height=\"683\" src=\"https:\/\/encuentroinformativo.com.mx\/wp-content\/uploads\/2022\/08\/EE5BA581-453C-4FBB-8CDF-FF0D4A79AEB9-1024x683.jpeg\" alt=\"\" class=\"wp-image-31057\" srcset=\"https:\/\/encuentroinformativo.com.mx\/wp-content\/uploads\/2022\/08\/EE5BA581-453C-4FBB-8CDF-FF0D4A79AEB9-1024x683.jpeg 1024w, https:\/\/encuentroinformativo.com.mx\/wp-content\/uploads\/2022\/08\/EE5BA581-453C-4FBB-8CDF-FF0D4A79AEB9-300x200.jpeg 300w, https:\/\/encuentroinformativo.com.mx\/wp-content\/uploads\/2022\/08\/EE5BA581-453C-4FBB-8CDF-FF0D4A79AEB9-768x512.jpeg 768w, https:\/\/encuentroinformativo.com.mx\/wp-content\/uploads\/2022\/08\/EE5BA581-453C-4FBB-8CDF-FF0D4A79AEB9-1536x1024.jpeg 1536w, https:\/\/encuentroinformativo.com.mx\/wp-content\/uploads\/2022\/08\/EE5BA581-453C-4FBB-8CDF-FF0D4A79AEB9.jpeg 1600w\" sizes=\"auto, (max-width: 1024px) 100vw, 1024px\" \/><\/figure>\n","protected":false},"excerpt":{"rendered":"<p>Juan Arcos\/Dar\u00edo Pale Xalapa, Ver.- Cientos de pobladores de 23 comunidades del municipio de Emiliano Zapata protestaron frente a Palacio de Gobierno para exigir a las autoridades que intervengan y as\u00ed impedir que la empresa Casas Carp\u00edn cese la perforaci\u00f3n de pozos para el suministro del fraccionamiento Terranova. Se trata de habitantes de Chavarrillo, Palmarejo, [&hellip;]<\/p>\n","protected":false},"author":1,"featured_media":31055,"comment_status":"open","ping_status":"open","sticky":false,"template":"","format":"standard","meta":{"_jetpack_memberships_contains_paid_content":false,"footnotes":""},"categories":[8],"tags":[],"class_list":["post-31054","post","type-post","status-publish","format-standard","has-post-thumbnail","hentry","category-region"],"jetpack_featured_media_url":"https:\/\/encuentroinformativo.com.mx\/wp-content\/uploads\/2022\/08\/D9095B72-9108-4BF6-BCF2-44C0D6336562.jpeg","jetpack_sharing_enabled":true,"jetpack_likes_enabled":true,"amp_enabled":true,"_links":{"self":[{"href":"https:\/\/encuentroinformativo.com.mx\/index.php?rest_route=\/wp\/v2\/posts\/31054","targetHints":{"allow":["GET"]}}],"collection":[{"href":"https:\/\/encuentroinformativo.com.mx\/index.php?rest_route=\/wp\/v2\/posts"}],"about":[{"href":"https:\/\/encuentroinformativo.com.mx\/index.php?rest_route=\/wp\/v2\/types\/post"}],"author":[{"embeddable":true,"href":"https:\/\/encuentroinformativo.com.mx\/index.php?rest_route=\/wp\/v2\/users\/1"}],"replies":[{"embeddable":true,"href":"https:\/\/encuentroinformativo.com.mx\/index.php?rest_route=%2Fwp%2Fv2%2Fcomments&post=31054"}],"version-history":[{"count":2,"href":"https:\/\/encuentroinformativo.com.mx\/index.php?rest_route=\/wp\/v2\/posts\/31054\/revisions"}],"predecessor-version":[{"id":31059,"href":"https:\/\/encuentroinformativo.com.mx\/index.php?rest_route=\/wp\/v2\/posts\/31054\/revisions\/31059"}],"wp:featuredmedia":[{"embeddable":true,"href":"https:\/\/encuentroinformativo.com.mx\/index.php?rest_route=\/wp\/v2\/media\/31055"}],"wp:attachment":[{"href":"https:\/\/encuentroinformativo.com.mx\/index.php?rest_route=%2Fwp%2Fv2%2Fmedia&parent=31054"}],"wp:term":[{"taxonomy":"category","embeddable":true,"href":"https:\/\/encuentroinformativo.com.mx\/index.php?rest_route=%2Fwp%2Fv2%2Fcategories&post=31054"},{"taxonomy":"post_tag","embeddable":true,"href":"https:\/\/encuentroinformativo.com.mx\/index.php?rest_route=%2Fwp%2Fv2%2Ftags&post=31054"}],"curies":[{"name":"wp","href":"https:\/\/api.w.org\/{rel}","templated":true}]}}