{"id":3106,"date":"2020-06-04T21:19:39","date_gmt":"2020-06-05T02:19:39","guid":{"rendered":"https:\/\/encuentroinformativo.com\/?p=3106"},"modified":"2020-06-04T21:20:09","modified_gmt":"2020-06-05T02:20:09","slug":"asume-naldy-rodriguez-presidencia-del-ivai","status":"publish","type":"post","link":"https:\/\/encuentroinformativo.com.mx\/?p=3106","title":{"rendered":"Asume Naldy Rodr\u00edguez presidencia del IVAI"},"content":{"rendered":"\n<p>Xalapa, Ver.- La comisionada Naldy Patricia Rodr\u00edguez Lagunes fue designada como presidenta del Instituto Veracruzano de Acceso a la Informaci\u00f3n y Protecci\u00f3n de Datos Personales (IVAI) con el voto de los comisionados Jos\u00e9 Alfredo Corona Liz\u00e1rraga y Mar\u00eda Magda Zayas Mu\u00f1oz.<\/p>\n\n\n\n<p>Durante la d\u00e9cimo primera sesi\u00f3n del \u00d3rgano de Gobierno, se tom\u00f3 la protesta de ley a la nueva presidenta, quien estar\u00e1 en el cargo por un per\u00edodo de tres a\u00f1os, como establece el art\u00edculo 86 de la Ley 875 de Transparencia y Acceso a la Informaci\u00f3n P\u00fablica para el Estado de Veracruz.&nbsp;<\/p>\n\n\n\n<p>Al hacer uso de la palabra, el comisionado Jos\u00e9 Alfredo Corona Liz\u00e1rraga, destac\u00f3 la labor que durante dos meses realiz\u00f3 la comisionada Naldy Rodr\u00edguez Lagunes, mientras los diputados del Congreso del Estado, eleg\u00edan a los dos nuevos integrantes del Pleno del Consejo General.<\/p>\n\n\n\n<p>\u201cSe observ\u00f3 a la comisionada Naldy Rodr\u00edguez asumir el control y la toma de decisiones necesarias para la operatividad de este organismo aut\u00f3nomo, acciones significativas que sin duda mantuvieron la estabilidad de la instituci\u00f3n\u201d, expres\u00f3 en la sesi\u00f3n del \u00d3rgano de Gobierno.<\/p>\n\n\n\n<p>La nueva comisionada presidenta agradeci\u00f3 la confianza otorgada por la comisionada Magda Zayas y el comisionado Alfredo Corona y en ese acto present\u00f3&nbsp;el documento: \u201cRuta de Acci\u00f3n del Plan General Institucional 2020-2021\u201d, en el cual se plantean los ejes rectores para el buen funcionamiento del Instituto y que permitir\u00e1 fortalecer al organismo aut\u00f3nomo y con ello garantizar a los ciudadanos el derecho consagrado del derecho a la informaci\u00f3n p\u00fablica y la transparencia.<\/p>\n\n\n\n<p>En t\u00e9rminos del acuerdo ODG\/SE-31\/04\/06\/2020, la designaci\u00f3n se har\u00e1 del conocimiento del Poder Ejecutivo, Legislativo, Judicial y a los organismos aut\u00f3nomos y al Sistema Estatal Anticorrupci\u00f3n.<\/p>\n","protected":false},"excerpt":{"rendered":"<p>Xalapa, Ver.- La comisionada Naldy Patricia Rodr\u00edguez Lagunes fue designada como presidenta del Instituto Veracruzano de Acceso a la Informaci\u00f3n y Protecci\u00f3n de Datos Personales (IVAI) con el voto de los comisionados Jos\u00e9 Alfredo Corona Liz\u00e1rraga y Mar\u00eda Magda Zayas Mu\u00f1oz. Durante la d\u00e9cimo primera sesi\u00f3n del \u00d3rgano de Gobierno, se tom\u00f3 la protesta de [&hellip;]<\/p>\n","protected":false},"author":1,"featured_media":3107,"comment_status":"open","ping_status":"open","sticky":false,"template":"","format":"standard","meta":{"_jetpack_memberships_contains_paid_content":false,"footnotes":""},"categories":[2],"tags":[],"class_list":["post-3106","post","type-post","status-publish","format-standard","has-post-thumbnail","hentry","category-estado"],"jetpack_featured_media_url":"https:\/\/encuentroinformativo.com.mx\/wp-content\/uploads\/2020\/06\/4BD49C6C-470E-4A67-A0C0-EC8CD48FAF6C-scaled.jpeg","jetpack_sharing_enabled":true,"jetpack_likes_enabled":true,"amp_enabled":true,"_links":{"self":[{"href":"https:\/\/encuentroinformativo.com.mx\/index.php?rest_route=\/wp\/v2\/posts\/3106","targetHints":{"allow":["GET"]}}],"collection":[{"href":"https:\/\/encuentroinformativo.com.mx\/index.php?rest_route=\/wp\/v2\/posts"}],"about":[{"href":"https:\/\/encuentroinformativo.com.mx\/index.php?rest_route=\/wp\/v2\/types\/post"}],"author":[{"embeddable":true,"href":"https:\/\/encuentroinformativo.com.mx\/index.php?rest_route=\/wp\/v2\/users\/1"}],"replies":[{"embeddable":true,"href":"https:\/\/encuentroinformativo.com.mx\/index.php?rest_route=%2Fwp%2Fv2%2Fcomments&post=3106"}],"version-history":[{"count":1,"href":"https:\/\/encuentroinformativo.com.mx\/index.php?rest_route=\/wp\/v2\/posts\/3106\/revisions"}],"predecessor-version":[{"id":3108,"href":"https:\/\/encuentroinformativo.com.mx\/index.php?rest_route=\/wp\/v2\/posts\/3106\/revisions\/3108"}],"wp:featuredmedia":[{"embeddable":true,"href":"https:\/\/encuentroinformativo.com.mx\/index.php?rest_route=\/wp\/v2\/media\/3107"}],"wp:attachment":[{"href":"https:\/\/encuentroinformativo.com.mx\/index.php?rest_route=%2Fwp%2Fv2%2Fmedia&parent=3106"}],"wp:term":[{"taxonomy":"category","embeddable":true,"href":"https:\/\/encuentroinformativo.com.mx\/index.php?rest_route=%2Fwp%2Fv2%2Fcategories&post=3106"},{"taxonomy":"post_tag","embeddable":true,"href":"https:\/\/encuentroinformativo.com.mx\/index.php?rest_route=%2Fwp%2Fv2%2Ftags&post=3106"}],"curies":[{"name":"wp","href":"https:\/\/api.w.org\/{rel}","templated":true}]}}