{"id":31063,"date":"2022-08-29T13:40:26","date_gmt":"2022-08-29T18:40:26","guid":{"rendered":"https:\/\/encuentroinformativo.com.mx\/?p=31063"},"modified":"2022-08-29T13:40:31","modified_gmt":"2022-08-29T18:40:31","slug":"denuncian-presunto-abuso-sexual-en-hospital-privado-de-veracruz-puerto","status":"publish","type":"post","link":"https:\/\/encuentroinformativo.com.mx\/?p=31063","title":{"rendered":"Denuncian presunto abuso sexual en hospital privado de Veracruz puerto"},"content":{"rendered":"\n<p><strong>Alejandro \u00c1vila<\/strong><\/p>\n\n\n\n<p>Veracruz, Ver.- La joven Ana Paula de 20 a\u00f1os de edad, acus\u00f3 el haber sido v\u00edctima de presunto abuso sexual durante su intervenci\u00f3n quir\u00fargica en el hospital Star Medica del Puerto de Veracruz.<\/p>\n\n\n\n<p>En rueda de prensa, la joven relat\u00f3 que el pasado mes de febrero fue intervenida quir\u00fargicamente y por segunda ocasi\u00f3n de una escoliosis; minutos antes de quedar completamente sedada, logr\u00f3 darse cuenta que el personal que la atend\u00eda le toc\u00f3 los senos y la vagina, manipulando sin su consentimiento.<\/p>\n\n\n\n<p>Tras la intervenci\u00f3n y cuando estuvo totalmente consciente dio conocimiento a sus padres de lo sucedido, los cuales denunciaron el abuso al hospital, sin embargo estos hicieron caso omiso de los hechos, por lo que se decidi\u00f3 interponer una denuncia ante la Fiscal\u00eda Especializada en Delitos contra las Mujeres.&nbsp;<\/p>\n\n\n\n<p>La misma Fiscal\u00eda solicit\u00f3 al Hospital una bit\u00e1cora para conocer qui\u00e9nes fueron las personas que la intervinieron ese d\u00eda, adem\u00e1s de las c\u00e1maras de videovigilancia, pero casi 7 meses no han logrado conseguir los datos por la negativa del nosocomio particular.&nbsp;<\/p>\n\n\n\n<p>Ana Paula y su familia piden conocer qui\u00e9nes fueron las personas que trabajaron en su cirug\u00eda ya que hasta el momento solo saben que fueron 4 hombres y una mujer, pero desconocen sus identidades.&nbsp;<\/p>\n\n\n\n<p>Despu\u00e9s de esta situaci\u00f3n Ana Paula fue diagnosticada con ansiedad, depresi\u00f3n y estr\u00e9s postraum\u00e1tico, por lo que adem\u00e1s de su tratamiento por la escoliosis debe estar bajo la supervisi\u00f3n de un psiquiatra.&nbsp;<\/p>\n\n\n\n<p>La familia indic\u00f3 que en el&nbsp; Star-m\u00e9dica ya ni siquiera son recibidos por sus directores. La familia teme que esta situaci\u00f3n sea recurrente y que existan m\u00e1s v\u00edctimas que por temor no se atrevan a denunciar.&nbsp;<\/p>\n\n\n\n<p>Es de recordar que en este a\u00f1o se hizo p\u00fablica una situaci\u00f3n similar en Brasil, donde el anestesi\u00f3logo fue denunciado por abuso sexual a sus pacientes durante las cirug\u00edas.<\/p>\n","protected":false},"excerpt":{"rendered":"<p>Alejandro \u00c1vila Veracruz, Ver.- La joven Ana Paula de 20 a\u00f1os de edad, acus\u00f3 el haber sido v\u00edctima de presunto abuso sexual durante su intervenci\u00f3n quir\u00fargica en el hospital Star Medica del Puerto de Veracruz. En rueda de prensa, la joven relat\u00f3 que el pasado mes de febrero fue intervenida quir\u00fargicamente y por segunda ocasi\u00f3n [&hellip;]<\/p>\n","protected":false},"author":1,"featured_media":31064,"comment_status":"open","ping_status":"open","sticky":false,"template":"","format":"standard","meta":{"_jetpack_memberships_contains_paid_content":false,"footnotes":""},"categories":[2],"tags":[],"class_list":["post-31063","post","type-post","status-publish","format-standard","has-post-thumbnail","hentry","category-estado"],"jetpack_featured_media_url":"https:\/\/encuentroinformativo.com.mx\/wp-content\/uploads\/2022\/08\/763FD5AE-E891-4162-87EA-DEDA3B0A662F.jpeg","jetpack_sharing_enabled":true,"jetpack_likes_enabled":true,"amp_enabled":true,"_links":{"self":[{"href":"https:\/\/encuentroinformativo.com.mx\/index.php?rest_route=\/wp\/v2\/posts\/31063","targetHints":{"allow":["GET"]}}],"collection":[{"href":"https:\/\/encuentroinformativo.com.mx\/index.php?rest_route=\/wp\/v2\/posts"}],"about":[{"href":"https:\/\/encuentroinformativo.com.mx\/index.php?rest_route=\/wp\/v2\/types\/post"}],"author":[{"embeddable":true,"href":"https:\/\/encuentroinformativo.com.mx\/index.php?rest_route=\/wp\/v2\/users\/1"}],"replies":[{"embeddable":true,"href":"https:\/\/encuentroinformativo.com.mx\/index.php?rest_route=%2Fwp%2Fv2%2Fcomments&post=31063"}],"version-history":[{"count":1,"href":"https:\/\/encuentroinformativo.com.mx\/index.php?rest_route=\/wp\/v2\/posts\/31063\/revisions"}],"predecessor-version":[{"id":31065,"href":"https:\/\/encuentroinformativo.com.mx\/index.php?rest_route=\/wp\/v2\/posts\/31063\/revisions\/31065"}],"wp:featuredmedia":[{"embeddable":true,"href":"https:\/\/encuentroinformativo.com.mx\/index.php?rest_route=\/wp\/v2\/media\/31064"}],"wp:attachment":[{"href":"https:\/\/encuentroinformativo.com.mx\/index.php?rest_route=%2Fwp%2Fv2%2Fmedia&parent=31063"}],"wp:term":[{"taxonomy":"category","embeddable":true,"href":"https:\/\/encuentroinformativo.com.mx\/index.php?rest_route=%2Fwp%2Fv2%2Fcategories&post=31063"},{"taxonomy":"post_tag","embeddable":true,"href":"https:\/\/encuentroinformativo.com.mx\/index.php?rest_route=%2Fwp%2Fv2%2Ftags&post=31063"}],"curies":[{"name":"wp","href":"https:\/\/api.w.org\/{rel}","templated":true}]}}