{"id":31069,"date":"2022-08-29T14:11:39","date_gmt":"2022-08-29T19:11:39","guid":{"rendered":"https:\/\/encuentroinformativo.com.mx\/?p=31069"},"modified":"2022-08-29T13:52:33","modified_gmt":"2022-08-29T18:52:33","slug":"atiende-ayuntamiento-rehabilitacion-de-puente-peatonal","status":"publish","type":"post","link":"https:\/\/encuentroinformativo.com.mx\/?p=31069","title":{"rendered":"Atiende Ayuntamiento rehabilitaci\u00f3n de puente peatonal"},"content":{"rendered":"\n<p><strong>Alejandro \u00c1vila<\/strong><\/p>\n\n\n\n<p>Boca del R\u00edo, Ver.- El alcalde de Boca del R\u00edo, Juan Manuel Unanue Abascal inform\u00f3 que, en dos semanas iniciar\u00e1 la reparaci\u00f3n y rehabilitaci\u00f3n del puente peatonal ubicado en la avenida Ej\u00e9rcito Mexicano, uno de los m\u00e1s concurridos en la ciudad al estar cerca de dos escuelas y un mercado.<\/p>\n\n\n\n<p>El municipe precis\u00f3 que, para esta obra se destinar\u00e1 un presupuesto de 4 millones de pesos; al tiempo que destac\u00f3, con la rehabilitaci\u00f3n del puente peatonal se atiende un llamado urgente de seguridad que hab\u00eda realizado la ciudadan\u00eda<\/p>\n\n\n\n<p>&#8220;Este tema del puente es una atenci\u00f3n importante a una solicitud de la ciudadan\u00eda, es un tema de seguridad para las familias que transitan en esta zona y est\u00e1 incluido en el plan general de inversi\u00f3n y en el plan general de obras, este a\u00f1o estar\u00e1 concluido&#8221;.<\/p>\n\n\n\n<p>Lo anterior en el marco del arranque de la entrega del Programa &#8220;Boca Escolar&#8221; que consiste en la entrega de 10 mil 300 paquetes escolares que incluyen uniformes, \u00fatiles escolares y calzado&nbsp;<\/p>\n\n\n\n<p>Para dicho programa se destin\u00f3 un presupuesto de casi 10 millones de pesos.<\/p>\n","protected":false},"excerpt":{"rendered":"<p>Alejandro \u00c1vila Boca del R\u00edo, Ver.- El alcalde de Boca del R\u00edo, Juan Manuel Unanue Abascal inform\u00f3 que, en dos semanas iniciar\u00e1 la reparaci\u00f3n y rehabilitaci\u00f3n del puente peatonal ubicado en la avenida Ej\u00e9rcito Mexicano, uno de los m\u00e1s concurridos en la ciudad al estar cerca de dos escuelas y un mercado. El municipe precis\u00f3 [&hellip;]<\/p>\n","protected":false},"author":1,"featured_media":31070,"comment_status":"open","ping_status":"open","sticky":false,"template":"","format":"standard","meta":{"_jetpack_memberships_contains_paid_content":false,"footnotes":""},"categories":[2],"tags":[],"class_list":["post-31069","post","type-post","status-publish","format-standard","has-post-thumbnail","hentry","category-estado"],"jetpack_featured_media_url":"https:\/\/encuentroinformativo.com.mx\/wp-content\/uploads\/2022\/08\/88DA706D-69EF-49B2-AE89-B87B0C3B43E0.jpeg","jetpack_sharing_enabled":true,"jetpack_likes_enabled":true,"amp_enabled":true,"_links":{"self":[{"href":"https:\/\/encuentroinformativo.com.mx\/index.php?rest_route=\/wp\/v2\/posts\/31069","targetHints":{"allow":["GET"]}}],"collection":[{"href":"https:\/\/encuentroinformativo.com.mx\/index.php?rest_route=\/wp\/v2\/posts"}],"about":[{"href":"https:\/\/encuentroinformativo.com.mx\/index.php?rest_route=\/wp\/v2\/types\/post"}],"author":[{"embeddable":true,"href":"https:\/\/encuentroinformativo.com.mx\/index.php?rest_route=\/wp\/v2\/users\/1"}],"replies":[{"embeddable":true,"href":"https:\/\/encuentroinformativo.com.mx\/index.php?rest_route=%2Fwp%2Fv2%2Fcomments&post=31069"}],"version-history":[{"count":1,"href":"https:\/\/encuentroinformativo.com.mx\/index.php?rest_route=\/wp\/v2\/posts\/31069\/revisions"}],"predecessor-version":[{"id":31071,"href":"https:\/\/encuentroinformativo.com.mx\/index.php?rest_route=\/wp\/v2\/posts\/31069\/revisions\/31071"}],"wp:featuredmedia":[{"embeddable":true,"href":"https:\/\/encuentroinformativo.com.mx\/index.php?rest_route=\/wp\/v2\/media\/31070"}],"wp:attachment":[{"href":"https:\/\/encuentroinformativo.com.mx\/index.php?rest_route=%2Fwp%2Fv2%2Fmedia&parent=31069"}],"wp:term":[{"taxonomy":"category","embeddable":true,"href":"https:\/\/encuentroinformativo.com.mx\/index.php?rest_route=%2Fwp%2Fv2%2Fcategories&post=31069"},{"taxonomy":"post_tag","embeddable":true,"href":"https:\/\/encuentroinformativo.com.mx\/index.php?rest_route=%2Fwp%2Fv2%2Ftags&post=31069"}],"curies":[{"name":"wp","href":"https:\/\/api.w.org\/{rel}","templated":true}]}}