{"id":31081,"date":"2022-08-29T16:12:51","date_gmt":"2022-08-29T21:12:51","guid":{"rendered":"https:\/\/encuentroinformativo.com.mx\/?p=31081"},"modified":"2022-08-29T16:12:58","modified_gmt":"2022-08-29T21:12:58","slug":"inauguran-nuevo-edificio-en-tecnologico-de-xalapa","status":"publish","type":"post","link":"https:\/\/encuentroinformativo.com.mx\/?p=31081","title":{"rendered":"Inauguran nuevo edificio en Tecnol\u00f3gico de Xalapa"},"content":{"rendered":"\n<p><strong>Juan Arcos <\/strong><\/p>\n\n\n\n<p>Xalapa, Ver.- El gobernador Cuitl\u00e1huac Garc\u00eda Jim\u00e9nez inaugur\u00f3 el ciclo escolar 2022-2023 de los 25 institutos tecnol\u00f3gicos que hay en el estado de Veracruz.<\/p>\n\n\n\n<p>La ceremonia inici\u00f3 a las 13:00 horas de este lunes 29 de agosto en el domo del Instituto Tecnol\u00f3gico Superior de Xalapa (ITSX), acompa\u00f1ado del director del plantel, Walter Luis Saiz Gonz\u00e1lez; el titular de la Secretar\u00eda de Educaci\u00f3n de Veracruz (SEV), Zenyazen Escobar Garc\u00eda; y otras autoridades estatales.<\/p>\n\n\n\n<p>Frente a cientos de universitarios, el mandatario estatal indic\u00f3 que el Tecnol\u00f3gico de Xalapa es una instituci\u00f3n de renombre y de respeto, gracias a sus egresados y al crecimiento que se ha garantizado durante su periodo gubernamental.<\/p>\n\n\n\n<p>Adem\u00e1s, critic\u00f3 lo actos de corrupci\u00f3n registrados en pasadas administraciones que afectaron al ITSX, como la p\u00e9rdida de parte del terreno para la construcci\u00f3n de villas ol\u00edmpicas para los Juegos Centroamericanos y del Caribe, y el endeudamiento de m\u00e1s de 40 mil millones de pesos con entidades bancarias.<\/p>\n\n\n\n<p>Agreg\u00f3 que el gobierno de Veracruz paga 4.5 mil millones de pesos anuales solo de intereses por dicho adeudo.<\/p>\n\n\n\n<p>\u201cHoy el Tecnol\u00f3gico se conoce por otras virtudes: cero rechazados en los dos ciclos escolares anteriores, tiene de los mejores alumnos a nivel ingenier\u00eda, excelentes agregados y tiene edificaciones nuevas, un esfuerzo nada sencillo para hacerlo en tiempo r\u00e9cord y que este semestre, al menos el primer edificio estuviera en disponibilidad\u201d, a\u00f1adi\u00f3.<\/p>\n\n\n\n<p>Garc\u00eda Jim\u00e9nez tambi\u00e9n inaugur\u00f3 un nuevo edificio que ha sido habilitado al 100 por ciento para el aprovechamiento de los universitarios, cuyas aulas ya son utilizadas.<\/p>\n\n\n\n<p>Sin embargo, destac\u00f3 que ha sido dif\u00edcil la construcci\u00f3n de dichos espacios debido a los pagos por endeudamiento que se han estado efectuando.<\/p>\n\n\n\n<p>\u201cNo ten\u00edan memoria ni verg\u00fcenza los que nos antecedieron, no solo se robaron lo que est\u00e1 all\u00e1 enfrente (terreno), tambi\u00e9n dejaron una deuda enorme. Hay m\u00e1s deuda, ahorita estamos en un litigio contra una empresa de salud, que tent\u00f3 el equipo de salud al gobierno de Fidel Herrera, viene Duarte y ve que es un gran negocio de miles de millones de pesos y pone a otra empresa, pero en lugar de finiquitar los contratos con la empresa anterior lo hace de manera ilegal, y ahora tenemos que pagar 600 millones de pesos\u201d, enfatiz\u00f3.<\/p>\n\n\n\n<p><strong>PRESUPUESTO PARA PROYECTOS PRODUCTIVOS<\/strong><\/p>\n\n\n\n<p>Este lunes ingresaron 253 mil estudiantes en los 25 campus del Tecnol\u00f3gico Nacional de M\u00e9xico y las tres Universidades Tecnol\u00f3gicas en la entidad veracruzana.\u00a0El Gobernador anunci\u00f3 que se cuenta con una partida presupuestal de 100 millones de pesos, para repartir cuatro millones de pesos al a\u00f1o a cada uno de los 25 institutos tecnol\u00f3gicos del estado.<\/p>\n\n\n\n<p>Se busca fomentar la creaci\u00f3n de proyectos productos entre la comunidad estudiantil y acad\u00e9mica.<\/p>\n\n\n\n<p>\u201cDe los 100 millones que logramos de ahorro y de manejar bien las finanzas estatales, a pesar de que estamos pagando la deuda que nos dejaron los corruptos, estamos destinando a la investigaci\u00f3n&#8221;, expres\u00f3.<\/p>\n\n\n\n<p>Tambi\u00e9n adelant\u00f3 que ser\u00e1 construido un laboratorio de idiomas para el Instituto Tecnol\u00f3gico Superior de Xalapa.<\/p>\n\n\n\n<p>\u201cVamos a terminar el segundo (edificio) y esta en proyecci\u00f3n un tercer edificio para el tema de idiomas y ah\u00ed vamos a instalar un laboratorio para que puedan acreditar desde aqu\u00ed, y eso lo vamos a hacer para que con la mejor tecnolog\u00eda puedan acreditar cursos de ingl\u00e9s\u201d, indic\u00f3 Garc\u00eda Jim\u00e9nez.<\/p>\n","protected":false},"excerpt":{"rendered":"<p>Juan Arcos Xalapa, Ver.- El gobernador Cuitl\u00e1huac Garc\u00eda Jim\u00e9nez inaugur\u00f3 el ciclo escolar 2022-2023 de los 25 institutos tecnol\u00f3gicos que hay en el estado de Veracruz. La ceremonia inici\u00f3 a las 13:00 horas de este lunes 29 de agosto en el domo del Instituto Tecnol\u00f3gico Superior de Xalapa (ITSX), acompa\u00f1ado del director del plantel, Walter [&hellip;]<\/p>\n","protected":false},"author":1,"featured_media":31082,"comment_status":"open","ping_status":"open","sticky":false,"template":"","format":"standard","meta":{"_jetpack_memberships_contains_paid_content":false,"footnotes":""},"categories":[3],"tags":[],"class_list":["post-31081","post","type-post","status-publish","format-standard","has-post-thumbnail","hentry","category-xalapa"],"jetpack_featured_media_url":"https:\/\/encuentroinformativo.com.mx\/wp-content\/uploads\/2022\/08\/EDF948B9-C31E-43E1-BCC4-CDA3E936E46B.jpeg","jetpack_sharing_enabled":true,"jetpack_likes_enabled":true,"amp_enabled":true,"_links":{"self":[{"href":"https:\/\/encuentroinformativo.com.mx\/index.php?rest_route=\/wp\/v2\/posts\/31081","targetHints":{"allow":["GET"]}}],"collection":[{"href":"https:\/\/encuentroinformativo.com.mx\/index.php?rest_route=\/wp\/v2\/posts"}],"about":[{"href":"https:\/\/encuentroinformativo.com.mx\/index.php?rest_route=\/wp\/v2\/types\/post"}],"author":[{"embeddable":true,"href":"https:\/\/encuentroinformativo.com.mx\/index.php?rest_route=\/wp\/v2\/users\/1"}],"replies":[{"embeddable":true,"href":"https:\/\/encuentroinformativo.com.mx\/index.php?rest_route=%2Fwp%2Fv2%2Fcomments&post=31081"}],"version-history":[{"count":1,"href":"https:\/\/encuentroinformativo.com.mx\/index.php?rest_route=\/wp\/v2\/posts\/31081\/revisions"}],"predecessor-version":[{"id":31083,"href":"https:\/\/encuentroinformativo.com.mx\/index.php?rest_route=\/wp\/v2\/posts\/31081\/revisions\/31083"}],"wp:featuredmedia":[{"embeddable":true,"href":"https:\/\/encuentroinformativo.com.mx\/index.php?rest_route=\/wp\/v2\/media\/31082"}],"wp:attachment":[{"href":"https:\/\/encuentroinformativo.com.mx\/index.php?rest_route=%2Fwp%2Fv2%2Fmedia&parent=31081"}],"wp:term":[{"taxonomy":"category","embeddable":true,"href":"https:\/\/encuentroinformativo.com.mx\/index.php?rest_route=%2Fwp%2Fv2%2Fcategories&post=31081"},{"taxonomy":"post_tag","embeddable":true,"href":"https:\/\/encuentroinformativo.com.mx\/index.php?rest_route=%2Fwp%2Fv2%2Ftags&post=31081"}],"curies":[{"name":"wp","href":"https:\/\/api.w.org\/{rel}","templated":true}]}}