{"id":31087,"date":"2022-08-29T18:37:34","date_gmt":"2022-08-29T23:37:34","guid":{"rendered":"https:\/\/encuentroinformativo.com.mx\/?p=31087"},"modified":"2022-08-29T18:37:38","modified_gmt":"2022-08-29T23:37:38","slug":"se-pronuncia-gobernador-a-favor-de-prision-preventiva","status":"publish","type":"post","link":"https:\/\/encuentroinformativo.com.mx\/?p=31087","title":{"rendered":"Se pronuncia Gobernador a favor de prisi\u00f3n preventiva"},"content":{"rendered":"\n<p><strong>Juan Arcos<\/strong><\/p>\n\n\n\n<p>Xalapa, Ver.- gobernador de Veracruz, Cuitl\u00e1huac Garc\u00eda Jim\u00e9nez, se pronunci\u00f3 a favor de que permanezca la prisi\u00f3n preventiva oficiosa para dar seguridad a las v\u00edctimas que denuncian a sus agresores.<\/p>\n\n\n\n<p>En entrevista posterior a la inauguraci\u00f3n del ciclo escolar 2022-2023 en el Instituto Tecnol\u00f3gico Superior de Xalapa (ITSX), el mandatario solicit\u00f3 que se revise exhaustivamente el proyecto para la eliminaci\u00f3n de la prisi\u00f3n preventiva oficiosa por parte de la Suprema Corte de Justicia de la Naci\u00f3n (SCJN).<\/p>\n\n\n\n<p>&#8220;Es un mecanismo que garantiza a las v\u00edctimas denunciar a sus agresores y si los agresores se libran de la prisi\u00f3n preventiva, la v\u00edctima dif\u00edcilmente va a regresar a reiterar su acusaci\u00f3n\u201d, opin\u00f3 en la breve entrevista realizada en los pasillos de dicha instancia acad\u00e9mica.<\/p>\n\n\n\n<p>A su juicio, debe mantenerse la prisi\u00f3n preventiva debe prevalecer cuando se trata de los delitos graves.<\/p>\n\n\n\n<p>\u201cEs un mandato constitucional y quienes modifican la constituci\u00f3n es el Congreso de la Uni\u00f3n, con todo respeto, no es la Suprema Corte\u201d, expres\u00f3.<\/p>\n\n\n\n<p>En ese sentido, dijo esperar que se lleve a cabo una discusi\u00f3n de fondo para que se tome en cuenta el punto de vista de las v\u00edctimas.<\/p>\n\n\n\n<p>\u201cQue los estudiosos de las leyes nutran este debate antes de que llegase a cambiar&#8221;, a\u00f1adi\u00f3 el titular del Poder Ejecutivo en Veracruz.<\/p>\n\n\n\n<p>Cabe recordar que el presidente de la Rep\u00fablica, Andr\u00e9s Manuel L\u00f3pez Obrador, ha declarado que el proyecto de la Suprema Corte de Justicia de la Naci\u00f3n, que pretende eliminar la prisi\u00f3n preventiva, implica impunidad y corrupci\u00f3n.<\/p>\n\n\n\n<p>Dicha medida cautelar es una figura legal que permite encarcelar a las personas sin que hayan sido condenadas.<\/p>\n","protected":false},"excerpt":{"rendered":"<p>Juan Arcos Xalapa, Ver.- gobernador de Veracruz, Cuitl\u00e1huac Garc\u00eda Jim\u00e9nez, se pronunci\u00f3 a favor de que permanezca la prisi\u00f3n preventiva oficiosa para dar seguridad a las v\u00edctimas que denuncian a sus agresores. En entrevista posterior a la inauguraci\u00f3n del ciclo escolar 2022-2023 en el Instituto Tecnol\u00f3gico Superior de Xalapa (ITSX), el mandatario solicit\u00f3 que se [&hellip;]<\/p>\n","protected":false},"author":1,"featured_media":31088,"comment_status":"open","ping_status":"open","sticky":false,"template":"","format":"standard","meta":{"_jetpack_memberships_contains_paid_content":false,"footnotes":""},"categories":[2],"tags":[],"class_list":["post-31087","post","type-post","status-publish","format-standard","has-post-thumbnail","hentry","category-estado"],"jetpack_featured_media_url":"https:\/\/encuentroinformativo.com.mx\/wp-content\/uploads\/2022\/08\/8AB4FA78-59E0-4F2F-B617-217560D5A7AC.jpeg","jetpack_sharing_enabled":true,"jetpack_likes_enabled":true,"amp_enabled":true,"_links":{"self":[{"href":"https:\/\/encuentroinformativo.com.mx\/index.php?rest_route=\/wp\/v2\/posts\/31087","targetHints":{"allow":["GET"]}}],"collection":[{"href":"https:\/\/encuentroinformativo.com.mx\/index.php?rest_route=\/wp\/v2\/posts"}],"about":[{"href":"https:\/\/encuentroinformativo.com.mx\/index.php?rest_route=\/wp\/v2\/types\/post"}],"author":[{"embeddable":true,"href":"https:\/\/encuentroinformativo.com.mx\/index.php?rest_route=\/wp\/v2\/users\/1"}],"replies":[{"embeddable":true,"href":"https:\/\/encuentroinformativo.com.mx\/index.php?rest_route=%2Fwp%2Fv2%2Fcomments&post=31087"}],"version-history":[{"count":1,"href":"https:\/\/encuentroinformativo.com.mx\/index.php?rest_route=\/wp\/v2\/posts\/31087\/revisions"}],"predecessor-version":[{"id":31089,"href":"https:\/\/encuentroinformativo.com.mx\/index.php?rest_route=\/wp\/v2\/posts\/31087\/revisions\/31089"}],"wp:featuredmedia":[{"embeddable":true,"href":"https:\/\/encuentroinformativo.com.mx\/index.php?rest_route=\/wp\/v2\/media\/31088"}],"wp:attachment":[{"href":"https:\/\/encuentroinformativo.com.mx\/index.php?rest_route=%2Fwp%2Fv2%2Fmedia&parent=31087"}],"wp:term":[{"taxonomy":"category","embeddable":true,"href":"https:\/\/encuentroinformativo.com.mx\/index.php?rest_route=%2Fwp%2Fv2%2Fcategories&post=31087"},{"taxonomy":"post_tag","embeddable":true,"href":"https:\/\/encuentroinformativo.com.mx\/index.php?rest_route=%2Fwp%2Fv2%2Ftags&post=31087"}],"curies":[{"name":"wp","href":"https:\/\/api.w.org\/{rel}","templated":true}]}}