{"id":31091,"date":"2022-08-30T09:28:52","date_gmt":"2022-08-30T14:28:52","guid":{"rendered":"https:\/\/encuentroinformativo.com.mx\/?p=31091"},"modified":"2022-08-30T09:28:55","modified_gmt":"2022-08-30T14:28:55","slug":"otro-no-nahle","status":"publish","type":"post","link":"https:\/\/encuentroinformativo.com.mx\/?p=31091","title":{"rendered":"\u00bfOTRO, NO NAHLE?"},"content":{"rendered":"\n<p><strong>Los Pol\u00edticos<\/strong><\/p>\n\n\n\n<p><strong>Salvador Mu\u00f1oz<\/strong><\/p>\n\n\n\n<p>\u00bfQu\u00e9 tanto le convendr\u00e1 a la Oposici\u00f3n (l\u00e9ase PAN, PRI, PRD, Movimiento Ciudadano) que no fuera Roc\u00edo Nahle la candidata a la Gubernatura por Morena?&nbsp;<\/p>\n\n\n\n<p>\u00bfQu\u00e9 tanto le convendr\u00eda a la Oposici\u00f3n entonces que fuera cualquiera de las otras corcholatas que se mencionan entre los morenos\u2026?<\/p>\n\n\n\n<p>Ser\u00eda cuesti\u00f3n de poner a Roc\u00edo Nahle al lado de un Zenyazen Escobar Garc\u00eda y que la Oposici\u00f3n se hiciera la pregunta para responderla con honestidad: \u00bfQui\u00e9n cree usted que tenga mayor rango de alcance a lo largo y ancho de Veracruz? \u00bfla secretaria de Energ\u00eda o el secretario de Educaci\u00f3n? \u00bfQui\u00e9n cree que ha tenido m\u00e1s contacto de un modo u otro con la poblaci\u00f3n veracruzana? \u00bfla secre o el secre? Esto es un ejemplo\u2026<\/p>\n\n\n\n<p>Ponga la Oposici\u00f3n a Nahle al lado de Juan Javier G\u00f3mez Cazar\u00edn y formulen las mismas preguntas\u2026 de norte a sur, este o el otro, El Car\u00f3n tiene mayor margen de actividad en Veracruz que la se\u00f1ora\u2026 y no s\u00f3lo en territorio y escritorio\u2026 las redes sociales del Jucopo las envidian hasta los medios de comunicaci\u00f3n\u2026<\/p>\n\n\n\n<p>\u00a1Vamos! Ya como \u00faltimo ejemplo\u2026 ponga la Oposici\u00f3n a Nahle al ladito del bombero de todos los incendios, el ajonjol\u00ed de todos los moles y la aceituna de todos los martinis, Ricardo Ahued\u2026 le aseguro que siendo el empresario del pl\u00e1stico un liderazgo regional, puede tener mayor efecto que la se\u00f1ora porque si acaso fuera candidato Ahued por la Gubernatura, apuesto que muchos pri\u00edstas y alguno que otro panista lo apoyar\u00edan sin recato\u2026<\/p>\n\n\n\n<p>Ya para que no digan que discriminamos, \u00a1hasta Bola 8 tiene mayor presencia que la se\u00f1ora Nahle en Veracruz!<\/p>\n\n\n\n<p>Ahora, discretamente, \u00a1volteen a verla! Si le rascan tantito, sus negativos pueden ser m\u00e1s de los que uno se imagina\u2026<\/p>\n\n\n\n<p>Pregunte la Oposici\u00f3n a los veracruzanos qu\u00e9 ha hecho como secretaria de Energ\u00eda por ellos? \u00bfDos Bocas? \u00a1Perd\u00f3n! Pero eso es parte de la chamba que le encarg\u00f3 el Presidente\u2026<\/p>\n\n\n\n<p>Pregunte la Oposici\u00f3n a los veracruzanos si la han escuchado alzando la voz por las miles de familias veracruzanas que cada vez que reciben la cuenta por el servicio de electricidad, se sienten fundidas\u2026<\/p>\n\n\n\n<p>No nos adentremos a si su familia fue beneficiada con los negocios que se hicieron en torno a Dos Bocas, no\u2026<\/p>\n\n\n\n<p>Hemos de ser honestos nosotros y reconocer el \u00fanico Positivo que tiene Roc\u00edo Nahle que la ha puesto como virtual candidata a la gubernatura por su partido: El que el Presidente L\u00f3pez Obrador la haya \u201cdestapado\u201d y los morenos profesan un sistema que se niega a morir, est\u00e9 en el poder el PAN, PRI o Morena: el Presidencialismo.<\/p>\n\n\n\n<p>Entonces, \u00bfde verdad la Oposici\u00f3n quisiera tener a otro contrincante que no sea Nahle? Siendo francos, en una de \u00e9sas, depende de los resultados del 2023 en Coahuila y principalmente en el Estado de M\u00e9xico\u2026 si gana Morena el segundo, poco importa qui\u00e9n sea el candidato en el 2024\u2026 Nahle, Cheko Guti\u00e9rrez Luna, G\u00f3mez Cazar\u00edn, Zenyazen o Ahued, la Oposici\u00f3n ya no ver\u00e1 a un contrincante a vencer, sino toda una maquinaria en el Poder que har\u00e1 todo lo posible por obtener y mantener el control total del Pa\u00eds.<\/p>\n\n\n\n<p><a href=\"mailto:smcainito@gmail.com\" target=\"_blank\" rel=\"noreferrer noopener\">smcainito@gmail.com<\/a><\/p>\n","protected":false},"excerpt":{"rendered":"<p>Los Pol\u00edticos Salvador Mu\u00f1oz \u00bfQu\u00e9 tanto le convendr\u00e1 a la Oposici\u00f3n (l\u00e9ase PAN, PRI, PRD, Movimiento Ciudadano) que no fuera Roc\u00edo Nahle la candidata a la Gubernatura por Morena?&nbsp; \u00bfQu\u00e9 tanto le convendr\u00eda a la Oposici\u00f3n entonces que fuera cualquiera de las otras corcholatas que se mencionan entre los morenos\u2026? Ser\u00eda cuesti\u00f3n de poner a [&hellip;]<\/p>\n","protected":false},"author":1,"featured_media":387,"comment_status":"open","ping_status":"open","sticky":false,"template":"","format":"standard","meta":{"_jetpack_memberships_contains_paid_content":false,"footnotes":""},"categories":[11],"tags":[],"class_list":["post-31091","post","type-post","status-publish","format-standard","has-post-thumbnail","hentry","category-opinion"],"jetpack_featured_media_url":"https:\/\/encuentroinformativo.com.mx\/wp-content\/uploads\/2020\/03\/7CF8A22B-2764-47BE-8F7F-38FE9E5D6A2F.jpeg","jetpack_sharing_enabled":true,"jetpack_likes_enabled":true,"amp_enabled":true,"_links":{"self":[{"href":"https:\/\/encuentroinformativo.com.mx\/index.php?rest_route=\/wp\/v2\/posts\/31091","targetHints":{"allow":["GET"]}}],"collection":[{"href":"https:\/\/encuentroinformativo.com.mx\/index.php?rest_route=\/wp\/v2\/posts"}],"about":[{"href":"https:\/\/encuentroinformativo.com.mx\/index.php?rest_route=\/wp\/v2\/types\/post"}],"author":[{"embeddable":true,"href":"https:\/\/encuentroinformativo.com.mx\/index.php?rest_route=\/wp\/v2\/users\/1"}],"replies":[{"embeddable":true,"href":"https:\/\/encuentroinformativo.com.mx\/index.php?rest_route=%2Fwp%2Fv2%2Fcomments&post=31091"}],"version-history":[{"count":1,"href":"https:\/\/encuentroinformativo.com.mx\/index.php?rest_route=\/wp\/v2\/posts\/31091\/revisions"}],"predecessor-version":[{"id":31092,"href":"https:\/\/encuentroinformativo.com.mx\/index.php?rest_route=\/wp\/v2\/posts\/31091\/revisions\/31092"}],"wp:featuredmedia":[{"embeddable":true,"href":"https:\/\/encuentroinformativo.com.mx\/index.php?rest_route=\/wp\/v2\/media\/387"}],"wp:attachment":[{"href":"https:\/\/encuentroinformativo.com.mx\/index.php?rest_route=%2Fwp%2Fv2%2Fmedia&parent=31091"}],"wp:term":[{"taxonomy":"category","embeddable":true,"href":"https:\/\/encuentroinformativo.com.mx\/index.php?rest_route=%2Fwp%2Fv2%2Fcategories&post=31091"},{"taxonomy":"post_tag","embeddable":true,"href":"https:\/\/encuentroinformativo.com.mx\/index.php?rest_route=%2Fwp%2Fv2%2Ftags&post=31091"}],"curies":[{"name":"wp","href":"https:\/\/api.w.org\/{rel}","templated":true}]}}