{"id":31093,"date":"2022-08-30T09:34:34","date_gmt":"2022-08-30T14:34:34","guid":{"rendered":"https:\/\/encuentroinformativo.com.mx\/?p=31093"},"modified":"2022-08-30T09:34:37","modified_gmt":"2022-08-30T14:34:37","slug":"espaldarazo-de-mauricio-kuri-a-senador-rementeria","status":"publish","type":"post","link":"https:\/\/encuentroinformativo.com.mx\/?p=31093","title":{"rendered":"Espaldarazo de Mauricio Kuri a senador Rementer\u00eda"},"content":{"rendered":"\n<p><strong>Alejandro \u00c1vila<\/strong><\/p>\n\n\n\n<p>Quer\u00e9taro, Qro.- El gobernador de Quer\u00e9taro, Mauricio Kuri Gonz\u00e1lez, \u201cdestap\u00f3\u201d al coordinador de Senadores del PAN, Julen Rementer\u00eda del Puerto, como el candidato ideal para la pr\u00f3xima contienda del 2024 en Veracruz.<\/p>\n\n\n\n<p>&#8220;Mi pr\u00f3ximo gober\u2026oye, que va muy bien&#8221;, dijo el anfitri\u00f3n de todos los Senadores del Partido Acci\u00f3n Nacional en aquella regi\u00f3n del baj\u00edo mexicano, previo a la Sesi\u00f3n Plenaria que sostendr\u00e1n los blanquiazules.<\/p>\n\n\n\n<p>En un ambiente de franca camarader\u00eda, el queretano, Mauricio Kuri, y el veracruzano, Julen Rementer\u00eda, platicaron tras bambalinas de la Plenaria Legislativa sobre temas de la agenda nacional, grilla pol\u00edtica y asuntos concernientes a Quer\u00e9taro y Veracruz.<\/p>\n\n\n\n<p>Al momento de despedirse, Kuri choc\u00f3 el pu\u00f1o de Rementer\u00eda y a grit\u00f3 abierto solt\u00f3: \u201cmi pr\u00f3ximo gober\u201d; a pesar de que a\u00fan faltan varios meses para la sucesi\u00f3n 2024 en el Golfo de M\u00e9xico, el pol\u00edtico veracruzano sigue sumando adeptos y respaldos.&nbsp;<\/p>\n\n\n\n<p>Hace apenas unas horas se dio a conocer una encuesta realizada por la empresa Tresearch Internacional, la cual colocaba el exalcalde de Veracruz c\u00f3mo el favorito de la militancia panista para ser el candidato a la gubernatura de Veracruz en el 2024.<\/p>\n\n\n\n<p>Seg\u00fan la encuesta, la militancia panista aprueba en un 43 por ciento la designaci\u00f3n de Julen Rementer\u00eda como candidato a la gubernatura por Veracruz.<\/p>\n\n\n\n<p>Esta no es la primera ocasi\u00f3n que una encuesta coloca a Julen Rementer\u00eda a la cabeza; y es que no solo los militantes panistas de Veracruz consideran a Julen como la mejor opci\u00f3n, sino tambi\u00e9n las altas esferas blanquiazules de la Rep\u00fablica Mexicana.<\/p>\n","protected":false},"excerpt":{"rendered":"<p>Alejandro \u00c1vila Quer\u00e9taro, Qro.- El gobernador de Quer\u00e9taro, Mauricio Kuri Gonz\u00e1lez, \u201cdestap\u00f3\u201d al coordinador de Senadores del PAN, Julen Rementer\u00eda del Puerto, como el candidato ideal para la pr\u00f3xima contienda del 2024 en Veracruz. &#8220;Mi pr\u00f3ximo gober\u2026oye, que va muy bien&#8221;, dijo el anfitri\u00f3n de todos los Senadores del Partido Acci\u00f3n Nacional en aquella regi\u00f3n [&hellip;]<\/p>\n","protected":false},"author":1,"featured_media":31094,"comment_status":"open","ping_status":"open","sticky":false,"template":"","format":"standard","meta":{"_jetpack_memberships_contains_paid_content":false,"footnotes":""},"categories":[12],"tags":[],"class_list":["post-31093","post","type-post","status-publish","format-standard","has-post-thumbnail","hentry","category-nacional"],"jetpack_featured_media_url":"https:\/\/encuentroinformativo.com.mx\/wp-content\/uploads\/2022\/08\/22F475B4-D90A-4A6C-A746-46E69EE2B0D1.jpeg","jetpack_sharing_enabled":true,"jetpack_likes_enabled":true,"amp_enabled":true,"_links":{"self":[{"href":"https:\/\/encuentroinformativo.com.mx\/index.php?rest_route=\/wp\/v2\/posts\/31093","targetHints":{"allow":["GET"]}}],"collection":[{"href":"https:\/\/encuentroinformativo.com.mx\/index.php?rest_route=\/wp\/v2\/posts"}],"about":[{"href":"https:\/\/encuentroinformativo.com.mx\/index.php?rest_route=\/wp\/v2\/types\/post"}],"author":[{"embeddable":true,"href":"https:\/\/encuentroinformativo.com.mx\/index.php?rest_route=\/wp\/v2\/users\/1"}],"replies":[{"embeddable":true,"href":"https:\/\/encuentroinformativo.com.mx\/index.php?rest_route=%2Fwp%2Fv2%2Fcomments&post=31093"}],"version-history":[{"count":1,"href":"https:\/\/encuentroinformativo.com.mx\/index.php?rest_route=\/wp\/v2\/posts\/31093\/revisions"}],"predecessor-version":[{"id":31095,"href":"https:\/\/encuentroinformativo.com.mx\/index.php?rest_route=\/wp\/v2\/posts\/31093\/revisions\/31095"}],"wp:featuredmedia":[{"embeddable":true,"href":"https:\/\/encuentroinformativo.com.mx\/index.php?rest_route=\/wp\/v2\/media\/31094"}],"wp:attachment":[{"href":"https:\/\/encuentroinformativo.com.mx\/index.php?rest_route=%2Fwp%2Fv2%2Fmedia&parent=31093"}],"wp:term":[{"taxonomy":"category","embeddable":true,"href":"https:\/\/encuentroinformativo.com.mx\/index.php?rest_route=%2Fwp%2Fv2%2Fcategories&post=31093"},{"taxonomy":"post_tag","embeddable":true,"href":"https:\/\/encuentroinformativo.com.mx\/index.php?rest_route=%2Fwp%2Fv2%2Ftags&post=31093"}],"curies":[{"name":"wp","href":"https:\/\/api.w.org\/{rel}","templated":true}]}}