{"id":31096,"date":"2022-08-30T09:53:09","date_gmt":"2022-08-30T14:53:09","guid":{"rendered":"https:\/\/encuentroinformativo.com.mx\/?p=31096"},"modified":"2022-08-30T13:12:09","modified_gmt":"2022-08-30T18:12:09","slug":"colectivos-inician-manifestaciones-en-plaza-lerdo","status":"publish","type":"post","link":"https:\/\/encuentroinformativo.com.mx\/?p=31096","title":{"rendered":"Colectivos inician manifestaciones en Plaza Lerdo"},"content":{"rendered":"\n<p><strong>Juan Arcos <\/strong><\/p>\n\n\n\n<p>Xalapa, Ver.- Colectivos de b\u00fasqueda colocaron un tapete de aserr\u00edn color naranja con algunos rostros de desaparecidos frente a Palacio de Gobierno durante este 30 de agosto, D\u00eda Internacional de las V\u00edctimas de Desaparici\u00f3n Forzada.<\/p>\n\n\n\n<p>Se trata de integrantes del cole Colectivo Buscando a Nuestros Desaparecidos y Desaparecidas Veracruz, quienes tambi\u00e9n colocaron lonas con los rostros de sus seres queridos sobre Plaza Sebasti\u00e1n Lerdo de Tejada.<\/p>\n\n\n\n<p>Como cada a\u00f1o, diversos colectivos de b\u00fasqueda realizan manifestaciones este d\u00eda para exigir al gobierno que cesen las desapariciones y, sobre todo, que se agilicen las investigaciones por parte de la Fiscal\u00eda General del Estado (FGE) para dar con el paradero de quienes a\u00fan no han sido localizados.<\/p>\n\n\n\n<p>De acuerdo con Mar\u00eda Elena Guti\u00e9rrez Dom\u00ednguez, integrante de dicho colectivo,\u00a0contin\u00faan registr\u00e1ndose varios casos de desaparecidos y las investigaciones no avanzan para encontrarlos.<\/p>\n\n\n\n<p>Incluso, se\u00f1al\u00f3 que se han detectado focos rojos por desapariciones en el estado de Veracruz, como los municipios de Xalapa, Coatzacoalcos y Orizaba.<\/p>\n\n\n\n<p>\u201cEs una bola de nieve que se va haciendo m\u00e1s grande y no termina por detenerse. Hasta este momento las personas siguen desapareciendo desde 2010 a la fecha nuestras familias seguimos buscando porque no aparecen y las autoridades no dicen nada\u201d, expres\u00f3.<\/p>\n\n\n\n<p>Ella busca a su sobrino Rafael Espinosa Guti\u00e9rrez, quien laboraba en el Tribunal Electoral de Veracruz (TEV) y desapareci\u00f3 desde el 15 de agosto de 2013, en esta ciudad de Xalapa.<\/p>\n\n\n\n<p>En su grupo hay tres casos de desaparici\u00f3n forzada, donde el gobierno o el Estado, a trav\u00e9s de sus elementos, participan o cometen estos cr\u00edmenes.<\/p>\n\n\n\n<p>\u201cTodav\u00eda est\u00e1 en proceso, ya est\u00e1 judicializado pero no se sabe todav\u00eda qu\u00e9 va a pasar, si va a haber justicia o no\u201d, enfatiz\u00f3.<\/p>\n\n\n\n<p>Guti\u00e9rrez Dom\u00ednguez indic\u00f3 que el pa\u00eds hay reporte de aproximadamente 100 mil 300 desaparecidos, una cifra acumulada durante decenas de a\u00f1os.<\/p>\n\n\n\n<p>Sin embargo, destac\u00f3 que en Veracruz hay rezago en la identificaci\u00f3n de restos humanos que han sido localizados en fosas clandestinas.\u00a0<\/p>\n\n\n\n<figure class=\"wp-block-image size-large\"><img loading=\"lazy\" decoding=\"async\" width=\"1024\" height=\"683\" src=\"https:\/\/encuentroinformativo.com.mx\/wp-content\/uploads\/2022\/08\/69429C36-FB46-475B-8700-54D662197327-1024x683.jpeg\" alt=\"\" class=\"wp-image-31098\" srcset=\"https:\/\/encuentroinformativo.com.mx\/wp-content\/uploads\/2022\/08\/69429C36-FB46-475B-8700-54D662197327-1024x683.jpeg 1024w, https:\/\/encuentroinformativo.com.mx\/wp-content\/uploads\/2022\/08\/69429C36-FB46-475B-8700-54D662197327-300x200.jpeg 300w, https:\/\/encuentroinformativo.com.mx\/wp-content\/uploads\/2022\/08\/69429C36-FB46-475B-8700-54D662197327-768x512.jpeg 768w, https:\/\/encuentroinformativo.com.mx\/wp-content\/uploads\/2022\/08\/69429C36-FB46-475B-8700-54D662197327-1536x1024.jpeg 1536w, https:\/\/encuentroinformativo.com.mx\/wp-content\/uploads\/2022\/08\/69429C36-FB46-475B-8700-54D662197327.jpeg 1600w\" sizes=\"auto, (max-width: 1024px) 100vw, 1024px\" \/><\/figure>\n\n\n\n<figure class=\"wp-block-image size-large\"><img loading=\"lazy\" decoding=\"async\" width=\"1024\" height=\"683\" src=\"https:\/\/encuentroinformativo.com.mx\/wp-content\/uploads\/2022\/08\/A2837DD9-DF32-4E38-9B3F-27D8A722F581-1024x683.jpeg\" alt=\"\" class=\"wp-image-31099\" srcset=\"https:\/\/encuentroinformativo.com.mx\/wp-content\/uploads\/2022\/08\/A2837DD9-DF32-4E38-9B3F-27D8A722F581-1024x683.jpeg 1024w, https:\/\/encuentroinformativo.com.mx\/wp-content\/uploads\/2022\/08\/A2837DD9-DF32-4E38-9B3F-27D8A722F581-300x200.jpeg 300w, https:\/\/encuentroinformativo.com.mx\/wp-content\/uploads\/2022\/08\/A2837DD9-DF32-4E38-9B3F-27D8A722F581-768x512.jpeg 768w, https:\/\/encuentroinformativo.com.mx\/wp-content\/uploads\/2022\/08\/A2837DD9-DF32-4E38-9B3F-27D8A722F581-1536x1024.jpeg 1536w, https:\/\/encuentroinformativo.com.mx\/wp-content\/uploads\/2022\/08\/A2837DD9-DF32-4E38-9B3F-27D8A722F581.jpeg 1600w\" sizes=\"auto, (max-width: 1024px) 100vw, 1024px\" \/><\/figure>\n","protected":false},"excerpt":{"rendered":"<p>Juan Arcos Xalapa, Ver.- Colectivos de b\u00fasqueda colocaron un tapete de aserr\u00edn color naranja con algunos rostros de desaparecidos frente a Palacio de Gobierno durante este 30 de agosto, D\u00eda Internacional de las V\u00edctimas de Desaparici\u00f3n Forzada. Se trata de integrantes del cole Colectivo Buscando a Nuestros Desaparecidos y Desaparecidas Veracruz, quienes tambi\u00e9n colocaron lonas [&hellip;]<\/p>\n","protected":false},"author":1,"featured_media":31097,"comment_status":"open","ping_status":"open","sticky":false,"template":"","format":"standard","meta":{"_jetpack_memberships_contains_paid_content":false,"footnotes":""},"categories":[3],"tags":[],"class_list":["post-31096","post","type-post","status-publish","format-standard","has-post-thumbnail","hentry","category-xalapa"],"jetpack_featured_media_url":"https:\/\/encuentroinformativo.com.mx\/wp-content\/uploads\/2022\/08\/A5E06C26-72CF-4576-9E03-CE8D0135E60E.jpeg","jetpack_sharing_enabled":true,"jetpack_likes_enabled":true,"amp_enabled":true,"_links":{"self":[{"href":"https:\/\/encuentroinformativo.com.mx\/index.php?rest_route=\/wp\/v2\/posts\/31096","targetHints":{"allow":["GET"]}}],"collection":[{"href":"https:\/\/encuentroinformativo.com.mx\/index.php?rest_route=\/wp\/v2\/posts"}],"about":[{"href":"https:\/\/encuentroinformativo.com.mx\/index.php?rest_route=\/wp\/v2\/types\/post"}],"author":[{"embeddable":true,"href":"https:\/\/encuentroinformativo.com.mx\/index.php?rest_route=\/wp\/v2\/users\/1"}],"replies":[{"embeddable":true,"href":"https:\/\/encuentroinformativo.com.mx\/index.php?rest_route=%2Fwp%2Fv2%2Fcomments&post=31096"}],"version-history":[{"count":2,"href":"https:\/\/encuentroinformativo.com.mx\/index.php?rest_route=\/wp\/v2\/posts\/31096\/revisions"}],"predecessor-version":[{"id":31109,"href":"https:\/\/encuentroinformativo.com.mx\/index.php?rest_route=\/wp\/v2\/posts\/31096\/revisions\/31109"}],"wp:featuredmedia":[{"embeddable":true,"href":"https:\/\/encuentroinformativo.com.mx\/index.php?rest_route=\/wp\/v2\/media\/31097"}],"wp:attachment":[{"href":"https:\/\/encuentroinformativo.com.mx\/index.php?rest_route=%2Fwp%2Fv2%2Fmedia&parent=31096"}],"wp:term":[{"taxonomy":"category","embeddable":true,"href":"https:\/\/encuentroinformativo.com.mx\/index.php?rest_route=%2Fwp%2Fv2%2Fcategories&post=31096"},{"taxonomy":"post_tag","embeddable":true,"href":"https:\/\/encuentroinformativo.com.mx\/index.php?rest_route=%2Fwp%2Fv2%2Ftags&post=31096"}],"curies":[{"name":"wp","href":"https:\/\/api.w.org\/{rel}","templated":true}]}}