{"id":31101,"date":"2022-08-30T10:29:14","date_gmt":"2022-08-30T15:29:14","guid":{"rendered":"https:\/\/encuentroinformativo.com.mx\/?p=31101"},"modified":"2022-08-30T10:29:14","modified_gmt":"2022-08-30T15:29:14","slug":"persisten-casos-de-desaparicion-forzada-en-veracruz","status":"publish","type":"post","link":"https:\/\/encuentroinformativo.com.mx\/?p=31101","title":{"rendered":"Persisten casos de desaparici\u00f3n forzada en Veracruz"},"content":{"rendered":"\n<p><strong>Dar\u00edo Pale <\/strong><\/p>\n\n\n\n<p>Xalapa, Ver.- La se\u00f1ora Mar\u00eda Elena Guti\u00e9rrez Dom\u00ednguez dio a conocer que en la entidad contin\u00faan casos de personas desaparecidas por desaparici\u00f3n forzada, en el pa\u00eds se estima que hay alrededor de 100 mil personas desaparecidas y el gobierno del estado ya no quiere saber nada de ellos, ya que es omiso ante esta situaci\u00f3n.<\/p>\n\n\n\n<p>Entrevistada en la plaza Lerdo donde conmemoran el D\u00eda Internacional del Detenido Desaparecido se\u00f1al\u00f3 que, en la entidad veracruzana hay personas desaparecidas por desaparici\u00f3n forzada, en municipios como Coatzacoalcos, Orizaba, Xalapa, la zona de las Monta\u00f1as.<\/p>\n\n\n\n<p>&#8220;Los que nosotros llamamos desaparecidos por desaparici\u00f3n forzada, donde el gobierno del estado, a trav\u00e9s de algunos elementos, participan en la desaparici\u00f3n de nuestros familiares, es el Estado el que est\u00e1 coludido o es el Estado el que directamente desaparece&#8221;, se\u00f1al\u00f3.<\/p>\n\n\n\n<p>Dijo que el asunto es como una bola de nieve que cada vez es m\u00e1s grande y no termina por detenerse.<\/p>\n\n\n\n<p>&#8220;No sabemos nada de ellos, los de larga data, desde el 2010 para ac\u00e1, seguimos buscando porque nuestros familiares no aparecen y las autoridades no dicen nada&#8221;, coment\u00f3.<\/p>\n\n\n\n<p>En su grupo hay tres casos por desaparici\u00f3n forzada y todav\u00eda est\u00e1 en proceso, est\u00e1n judicializados, pero no saben qu\u00e9 va a pasar, consider\u00f3 que en el pa\u00eds debe haber m\u00e1s de 100 mil desaparecidos.<\/p>\n\n\n\n<p>&#8220;Es importante buscar, es importante que se recuperen los cuerpos de todas las fosas que hay en el estado de Veracruz, pero tambi\u00e9n es importante saber qui\u00e9nes son y por qu\u00e9 aparecieron en fosas clandestinas&#8221;, se\u00f1al\u00f3.<\/p>\n\n\n\n<p>Acusaron que el gobernador no quiere saber ya nada de desaparecidos porque es una verg\u00fcenza su gobierno ya que hasta este momento signa los desaparecidos en el estado de Veracruz y es m\u00e1s vergonzoso que lo siga negando ante los medios de comunicaci\u00f3n.<\/p>\n\n\n\n<p>&#8220;Ni \u00e9l quiere nada con las familias de los desaparecidos ni nosotros queremos nada con un gobernador que es omiso ante la situaci\u00f3n la cual conoce muy bien porque \u00a0hemos estado cuando el inicia su gesti\u00f3n y antes de que iniciara como gobernador tuvimos muchas mesas con el ya e la magnitud de la tragedia&#8221;, acus\u00f3.<\/p>\n\n\n\n<p>Indic\u00f3 que las b\u00fasquedas no est\u00e1n detenidas y la Comisi\u00f3n Estatal de B\u00fasqueda de Desaparecidos tiene la obligaci\u00f3n de hacerlo.<\/p>\n\n\n\n<p>Por otra parte, Ricardo Bustos Hern\u00e1ndez, del Frente Nacional de Lucha por el Socialismo (FNLS), indic\u00f3 que ellos se suman a la protesta por la desaparici\u00f3n de Fidencio G\u00f3mez Sant\u00e9s en Chiapas, as\u00ed como de otros personas de a\u00f1os atr\u00e1s.<\/p>\n\n\n\n<p>&#8220;El caso de dos revolucionarios detenidos y desaparecidos hace 15 a\u00f1os y se llev\u00f3 a la Suprema Corte de Justicia de la Naci\u00f3n se dio un fallo a fase de los familiares&#8221;.<\/p>\n\n\n\n<p>Finalmente, coment\u00f3 que tambi\u00e9n hay una persona detenida, su padre, en el penal de Tantoyuca, acusado de matar a un militar activo, pero &#8220;le crearon un expediente&#8221;.<\/p>\n","protected":false},"excerpt":{"rendered":"<p>Dar\u00edo Pale Xalapa, Ver.- La se\u00f1ora Mar\u00eda Elena Guti\u00e9rrez Dom\u00ednguez dio a conocer que en la entidad contin\u00faan casos de personas desaparecidas por desaparici\u00f3n forzada, en el pa\u00eds se estima que hay alrededor de 100 mil personas desaparecidas y el gobierno del estado ya no quiere saber nada de ellos, ya que es omiso ante [&hellip;]<\/p>\n","protected":false},"author":1,"featured_media":31102,"comment_status":"open","ping_status":"open","sticky":false,"template":"","format":"standard","meta":{"_jetpack_memberships_contains_paid_content":false,"footnotes":""},"categories":[2],"tags":[],"class_list":["post-31101","post","type-post","status-publish","format-standard","has-post-thumbnail","hentry","category-estado"],"jetpack_featured_media_url":"https:\/\/encuentroinformativo.com.mx\/wp-content\/uploads\/2022\/08\/A3FB39E2-F312-45F8-AD69-F40A3E44A89B.jpeg","jetpack_sharing_enabled":true,"jetpack_likes_enabled":true,"amp_enabled":true,"_links":{"self":[{"href":"https:\/\/encuentroinformativo.com.mx\/index.php?rest_route=\/wp\/v2\/posts\/31101","targetHints":{"allow":["GET"]}}],"collection":[{"href":"https:\/\/encuentroinformativo.com.mx\/index.php?rest_route=\/wp\/v2\/posts"}],"about":[{"href":"https:\/\/encuentroinformativo.com.mx\/index.php?rest_route=\/wp\/v2\/types\/post"}],"author":[{"embeddable":true,"href":"https:\/\/encuentroinformativo.com.mx\/index.php?rest_route=\/wp\/v2\/users\/1"}],"replies":[{"embeddable":true,"href":"https:\/\/encuentroinformativo.com.mx\/index.php?rest_route=%2Fwp%2Fv2%2Fcomments&post=31101"}],"version-history":[{"count":1,"href":"https:\/\/encuentroinformativo.com.mx\/index.php?rest_route=\/wp\/v2\/posts\/31101\/revisions"}],"predecessor-version":[{"id":31103,"href":"https:\/\/encuentroinformativo.com.mx\/index.php?rest_route=\/wp\/v2\/posts\/31101\/revisions\/31103"}],"wp:featuredmedia":[{"embeddable":true,"href":"https:\/\/encuentroinformativo.com.mx\/index.php?rest_route=\/wp\/v2\/media\/31102"}],"wp:attachment":[{"href":"https:\/\/encuentroinformativo.com.mx\/index.php?rest_route=%2Fwp%2Fv2%2Fmedia&parent=31101"}],"wp:term":[{"taxonomy":"category","embeddable":true,"href":"https:\/\/encuentroinformativo.com.mx\/index.php?rest_route=%2Fwp%2Fv2%2Fcategories&post=31101"},{"taxonomy":"post_tag","embeddable":true,"href":"https:\/\/encuentroinformativo.com.mx\/index.php?rest_route=%2Fwp%2Fv2%2Ftags&post=31101"}],"curies":[{"name":"wp","href":"https:\/\/api.w.org\/{rel}","templated":true}]}}