{"id":31105,"date":"2022-08-30T11:05:30","date_gmt":"2022-08-30T16:05:30","guid":{"rendered":"https:\/\/encuentroinformativo.com.mx\/?p=31105"},"modified":"2022-08-30T11:05:34","modified_gmt":"2022-08-30T16:05:34","slug":"taxista-atropella-a-ciclista-en-pleno-centro","status":"publish","type":"post","link":"https:\/\/encuentroinformativo.com.mx\/?p=31105","title":{"rendered":"Taxista atropella a ciclista en pleno centro"},"content":{"rendered":"\n<p>Xalapa, Ver.- Un se\u00f1or que iba en bicicleta fue atropellado por el taxi n\u00famero econ\u00f3mico XL- 5094 justo a la entrada del viaducto.<\/p>\n\n\n\n<p>Por lo que al lugar se trasladaron param\u00e9dicos de Cruz Roja y personal de Protecci\u00f3n Civil Municipal para brindarle los primeros auxilios para ser trasladado al hospital civil \u201cDr. Luis F. Nach\u00f3n\u201d.\u00a0<\/p>\n\n\n\n<figure class=\"wp-block-image size-large\"><img loading=\"lazy\" decoding=\"async\" width=\"1024\" height=\"623\" src=\"https:\/\/encuentroinformativo.com.mx\/wp-content\/uploads\/2022\/08\/BC82C9C5-848B-491B-8716-9941E0E6C5B5-1024x623.jpeg\" alt=\"\" class=\"wp-image-31107\" srcset=\"https:\/\/encuentroinformativo.com.mx\/wp-content\/uploads\/2022\/08\/BC82C9C5-848B-491B-8716-9941E0E6C5B5-1024x623.jpeg 1024w, https:\/\/encuentroinformativo.com.mx\/wp-content\/uploads\/2022\/08\/BC82C9C5-848B-491B-8716-9941E0E6C5B5-300x182.jpeg 300w, https:\/\/encuentroinformativo.com.mx\/wp-content\/uploads\/2022\/08\/BC82C9C5-848B-491B-8716-9941E0E6C5B5-768x467.jpeg 768w, https:\/\/encuentroinformativo.com.mx\/wp-content\/uploads\/2022\/08\/BC82C9C5-848B-491B-8716-9941E0E6C5B5-1536x934.jpeg 1536w, https:\/\/encuentroinformativo.com.mx\/wp-content\/uploads\/2022\/08\/BC82C9C5-848B-491B-8716-9941E0E6C5B5.jpeg 1600w\" sizes=\"auto, (max-width: 1024px) 100vw, 1024px\" \/><\/figure>\n","protected":false},"excerpt":{"rendered":"<p>Xalapa, Ver.- Un se\u00f1or que iba en bicicleta fue atropellado por el taxi n\u00famero econ\u00f3mico XL- 5094 justo a la entrada del viaducto. Por lo que al lugar se trasladaron param\u00e9dicos de Cruz Roja y personal de Protecci\u00f3n Civil Municipal para brindarle los primeros auxilios para ser trasladado al hospital civil \u201cDr. Luis F. Nach\u00f3n\u201d.\u00a0<\/p>\n","protected":false},"author":1,"featured_media":31106,"comment_status":"open","ping_status":"open","sticky":false,"template":"","format":"standard","meta":{"_jetpack_memberships_contains_paid_content":false,"footnotes":""},"categories":[3],"tags":[],"class_list":["post-31105","post","type-post","status-publish","format-standard","has-post-thumbnail","hentry","category-xalapa"],"jetpack_featured_media_url":"https:\/\/encuentroinformativo.com.mx\/wp-content\/uploads\/2022\/08\/FE749E60-6951-431F-8A3F-A509779BE42E.jpeg","jetpack_sharing_enabled":true,"jetpack_likes_enabled":true,"amp_enabled":true,"_links":{"self":[{"href":"https:\/\/encuentroinformativo.com.mx\/index.php?rest_route=\/wp\/v2\/posts\/31105","targetHints":{"allow":["GET"]}}],"collection":[{"href":"https:\/\/encuentroinformativo.com.mx\/index.php?rest_route=\/wp\/v2\/posts"}],"about":[{"href":"https:\/\/encuentroinformativo.com.mx\/index.php?rest_route=\/wp\/v2\/types\/post"}],"author":[{"embeddable":true,"href":"https:\/\/encuentroinformativo.com.mx\/index.php?rest_route=\/wp\/v2\/users\/1"}],"replies":[{"embeddable":true,"href":"https:\/\/encuentroinformativo.com.mx\/index.php?rest_route=%2Fwp%2Fv2%2Fcomments&post=31105"}],"version-history":[{"count":1,"href":"https:\/\/encuentroinformativo.com.mx\/index.php?rest_route=\/wp\/v2\/posts\/31105\/revisions"}],"predecessor-version":[{"id":31108,"href":"https:\/\/encuentroinformativo.com.mx\/index.php?rest_route=\/wp\/v2\/posts\/31105\/revisions\/31108"}],"wp:featuredmedia":[{"embeddable":true,"href":"https:\/\/encuentroinformativo.com.mx\/index.php?rest_route=\/wp\/v2\/media\/31106"}],"wp:attachment":[{"href":"https:\/\/encuentroinformativo.com.mx\/index.php?rest_route=%2Fwp%2Fv2%2Fmedia&parent=31105"}],"wp:term":[{"taxonomy":"category","embeddable":true,"href":"https:\/\/encuentroinformativo.com.mx\/index.php?rest_route=%2Fwp%2Fv2%2Fcategories&post=31105"},{"taxonomy":"post_tag","embeddable":true,"href":"https:\/\/encuentroinformativo.com.mx\/index.php?rest_route=%2Fwp%2Fv2%2Ftags&post=31105"}],"curies":[{"name":"wp","href":"https:\/\/api.w.org\/{rel}","templated":true}]}}