{"id":31118,"date":"2022-08-30T14:15:17","date_gmt":"2022-08-30T19:15:17","guid":{"rendered":"https:\/\/encuentroinformativo.com.mx\/?p=31118"},"modified":"2022-08-30T14:15:20","modified_gmt":"2022-08-30T19:15:20","slug":"rehabilitacion-de-avenida-no-afectara-operatividad-de-hospitales-afirma-alcaldesa","status":"publish","type":"post","link":"https:\/\/encuentroinformativo.com.mx\/?p=31118","title":{"rendered":"Rehabilitaci\u00f3n de avenida no afectar\u00e1 operatividad de hospitales, afirma Alcaldesa"},"content":{"rendered":"\n<p><strong>Alejandro \u00c1vila<\/strong><\/p>\n\n\n\n<p>Veracruz, Ver.- La rehabilitaci\u00f3n en concreto hidr\u00e1ulico de la avenida 20 de Noviembre en el municipio de Veracruz, no afectar\u00e1 la operatividad del Hospital de Alta Especialidad de Veracruz (HAEV) y el Hospital Infantil, asegur\u00f3 la alcaldesa, Patricia Lobeira Rodr\u00edguez.<\/p>\n\n\n\n<p>La edil panista dijo que se har\u00e1n cierres parciales por la avenida, para evitar conflictos viales con los automovilistas que utilizan est\u00e1 calle, as\u00ed como con las ambulancias qui\u00e9nes est\u00e1n en constante movimiento.<\/p>\n\n\n\n<p>&#8220;Vamos a estar trabajando en conjunto tambi\u00e9n con los comercios, con los hospitales, para que no haya bloqueos al cien por ciento, sino para que podamos estar en algunas zonas abiertos para qu\u00e9 puedan seguir pasando, sobre todo en el \u00e1rea del hospital, las ambulancias y el transporte&#8221;, apunt\u00f3.<\/p>\n\n\n\n<p>El costo de la obra se estima en 40 millones de pesos con recurso totalmente municipal, los trabajos durar\u00e1n aproximadamente 4 meses, y se har\u00e1n sobre la avenida 20 de Noviembre desde la calle Alacio P\u00e9rez hasta la calle Paso y Troncoso.<\/p>\n","protected":false},"excerpt":{"rendered":"<p>Alejandro \u00c1vila Veracruz, Ver.- La rehabilitaci\u00f3n en concreto hidr\u00e1ulico de la avenida 20 de Noviembre en el municipio de Veracruz, no afectar\u00e1 la operatividad del Hospital de Alta Especialidad de Veracruz (HAEV) y el Hospital Infantil, asegur\u00f3 la alcaldesa, Patricia Lobeira Rodr\u00edguez. La edil panista dijo que se har\u00e1n cierres parciales por la avenida, para [&hellip;]<\/p>\n","protected":false},"author":1,"featured_media":31119,"comment_status":"open","ping_status":"open","sticky":false,"template":"","format":"standard","meta":{"_jetpack_memberships_contains_paid_content":false,"footnotes":""},"categories":[2],"tags":[],"class_list":["post-31118","post","type-post","status-publish","format-standard","has-post-thumbnail","hentry","category-estado"],"jetpack_featured_media_url":"https:\/\/encuentroinformativo.com.mx\/wp-content\/uploads\/2022\/08\/327352C4-1A8F-4571-8327-6D5E6A8A92D8.jpeg","jetpack_sharing_enabled":true,"jetpack_likes_enabled":true,"amp_enabled":true,"_links":{"self":[{"href":"https:\/\/encuentroinformativo.com.mx\/index.php?rest_route=\/wp\/v2\/posts\/31118","targetHints":{"allow":["GET"]}}],"collection":[{"href":"https:\/\/encuentroinformativo.com.mx\/index.php?rest_route=\/wp\/v2\/posts"}],"about":[{"href":"https:\/\/encuentroinformativo.com.mx\/index.php?rest_route=\/wp\/v2\/types\/post"}],"author":[{"embeddable":true,"href":"https:\/\/encuentroinformativo.com.mx\/index.php?rest_route=\/wp\/v2\/users\/1"}],"replies":[{"embeddable":true,"href":"https:\/\/encuentroinformativo.com.mx\/index.php?rest_route=%2Fwp%2Fv2%2Fcomments&post=31118"}],"version-history":[{"count":1,"href":"https:\/\/encuentroinformativo.com.mx\/index.php?rest_route=\/wp\/v2\/posts\/31118\/revisions"}],"predecessor-version":[{"id":31120,"href":"https:\/\/encuentroinformativo.com.mx\/index.php?rest_route=\/wp\/v2\/posts\/31118\/revisions\/31120"}],"wp:featuredmedia":[{"embeddable":true,"href":"https:\/\/encuentroinformativo.com.mx\/index.php?rest_route=\/wp\/v2\/media\/31119"}],"wp:attachment":[{"href":"https:\/\/encuentroinformativo.com.mx\/index.php?rest_route=%2Fwp%2Fv2%2Fmedia&parent=31118"}],"wp:term":[{"taxonomy":"category","embeddable":true,"href":"https:\/\/encuentroinformativo.com.mx\/index.php?rest_route=%2Fwp%2Fv2%2Fcategories&post=31118"},{"taxonomy":"post_tag","embeddable":true,"href":"https:\/\/encuentroinformativo.com.mx\/index.php?rest_route=%2Fwp%2Fv2%2Ftags&post=31118"}],"curies":[{"name":"wp","href":"https:\/\/api.w.org\/{rel}","templated":true}]}}