{"id":31121,"date":"2022-08-30T14:49:46","date_gmt":"2022-08-30T19:49:46","guid":{"rendered":"https:\/\/encuentroinformativo.com.mx\/?p=31121"},"modified":"2022-08-30T14:49:50","modified_gmt":"2022-08-30T19:49:50","slug":"disminuyo-ejecucion-de-obras-en-veracruz-cmic","status":"publish","type":"post","link":"https:\/\/encuentroinformativo.com.mx\/?p=31121","title":{"rendered":"Disminuy\u00f3 ejecuci\u00f3n de obras en Veracruz: CMIC"},"content":{"rendered":"\n<p><strong>Alejandro \u00c1vila<\/strong><\/p>\n\n\n\n<p>Veracruz, Ver.- El presidente de la CMIC Veracruz, Jorge Rafael Alard\u00edn C\u00f3rdova reconoci\u00f3 que, en comparaci\u00f3n con el 2021, el Gobierno del Estado de Veracruz tiene menos obra p\u00fablica en este 2022; sin embargo, dijo que a pesar de ello, s\u00ed existen trabajos para las constructoras veracruzana.<\/p>\n\n\n\n<p>Apunto qu\u00e9 las dependencias de Gobierno y de la iniciativa privada cada vez les exige m\u00e1s a las empresas constructoras; es decir, que est\u00e1 en mejor capacitadas, esto, se\u00f1al\u00f3, ha sido una limitante para que varias empresas puedan competir en las licitaciones.<\/p>\n\n\n\n<p>Es por ello que la misma CMIC Veracruz promueve entre sus agremiados, cursos y capacitaciones, para que precisamente puedan competir con empresas a nivel nacional e internacional.<\/p>\n\n\n\n<p>&#8220;Las oportunidades que podemos tener este a\u00f1o seguramente son menores a las que ten\u00edamos el a\u00f1o pasado, eso s\u00ed nos est\u00e1 mermando, e insisto, lo que nos queda a nosotros como constructores es tratar de seguir compitiendo y tratar de mejorar&#8221;, asest\u00f3.<\/p>\n\n\n\n<p>Alard\u00edn C\u00f3rdova agreg\u00f3 que, aunque es poca, s\u00ed existe obra p\u00fablica por parte de Gobierno del Estado, y explic\u00f3 que, ya han sostenido reuniones con el titular de Espacios Educativos, Secretar\u00eda de Salud y la Secretar\u00eda de Infraestructura y Obra P\u00fablica (SIOP), dependencias entre las que var\u00eda su presupuesto, pero que plantean proyectos, sobre todo en las zonas serranas y m\u00e1s marginadas de la entidad veracruzana.<\/p>\n","protected":false},"excerpt":{"rendered":"<p>Alejandro \u00c1vila Veracruz, Ver.- El presidente de la CMIC Veracruz, Jorge Rafael Alard\u00edn C\u00f3rdova reconoci\u00f3 que, en comparaci\u00f3n con el 2021, el Gobierno del Estado de Veracruz tiene menos obra p\u00fablica en este 2022; sin embargo, dijo que a pesar de ello, s\u00ed existen trabajos para las constructoras veracruzana. Apunto qu\u00e9 las dependencias de Gobierno [&hellip;]<\/p>\n","protected":false},"author":1,"featured_media":31122,"comment_status":"open","ping_status":"open","sticky":false,"template":"","format":"standard","meta":{"_jetpack_memberships_contains_paid_content":false,"footnotes":""},"categories":[2],"tags":[],"class_list":["post-31121","post","type-post","status-publish","format-standard","has-post-thumbnail","hentry","category-estado"],"jetpack_featured_media_url":"https:\/\/encuentroinformativo.com.mx\/wp-content\/uploads\/2022\/08\/295BBF99-526D-48D1-8022-AE5C9C13DD66.jpeg","jetpack_sharing_enabled":true,"jetpack_likes_enabled":true,"amp_enabled":true,"_links":{"self":[{"href":"https:\/\/encuentroinformativo.com.mx\/index.php?rest_route=\/wp\/v2\/posts\/31121","targetHints":{"allow":["GET"]}}],"collection":[{"href":"https:\/\/encuentroinformativo.com.mx\/index.php?rest_route=\/wp\/v2\/posts"}],"about":[{"href":"https:\/\/encuentroinformativo.com.mx\/index.php?rest_route=\/wp\/v2\/types\/post"}],"author":[{"embeddable":true,"href":"https:\/\/encuentroinformativo.com.mx\/index.php?rest_route=\/wp\/v2\/users\/1"}],"replies":[{"embeddable":true,"href":"https:\/\/encuentroinformativo.com.mx\/index.php?rest_route=%2Fwp%2Fv2%2Fcomments&post=31121"}],"version-history":[{"count":1,"href":"https:\/\/encuentroinformativo.com.mx\/index.php?rest_route=\/wp\/v2\/posts\/31121\/revisions"}],"predecessor-version":[{"id":31123,"href":"https:\/\/encuentroinformativo.com.mx\/index.php?rest_route=\/wp\/v2\/posts\/31121\/revisions\/31123"}],"wp:featuredmedia":[{"embeddable":true,"href":"https:\/\/encuentroinformativo.com.mx\/index.php?rest_route=\/wp\/v2\/media\/31122"}],"wp:attachment":[{"href":"https:\/\/encuentroinformativo.com.mx\/index.php?rest_route=%2Fwp%2Fv2%2Fmedia&parent=31121"}],"wp:term":[{"taxonomy":"category","embeddable":true,"href":"https:\/\/encuentroinformativo.com.mx\/index.php?rest_route=%2Fwp%2Fv2%2Fcategories&post=31121"},{"taxonomy":"post_tag","embeddable":true,"href":"https:\/\/encuentroinformativo.com.mx\/index.php?rest_route=%2Fwp%2Fv2%2Ftags&post=31121"}],"curies":[{"name":"wp","href":"https:\/\/api.w.org\/{rel}","templated":true}]}}