{"id":31124,"date":"2022-08-30T14:52:55","date_gmt":"2022-08-30T19:52:55","guid":{"rendered":"https:\/\/encuentroinformativo.com.mx\/?p=31124"},"modified":"2022-08-30T14:52:59","modified_gmt":"2022-08-30T19:52:59","slug":"entregaran-medalla-heberto-castillo-en-fortaleza-de-san-carlos","status":"publish","type":"post","link":"https:\/\/encuentroinformativo.com.mx\/?p=31124","title":{"rendered":"Entregar\u00e1n medalla &#8220;Heberto Castillo&#8221; en Fortaleza de San Carlos"},"content":{"rendered":"\n<p><strong>Alejandro \u00c1vila<\/strong><\/p>\n\n\n\n<p>Veracruz, Ver.- El pr\u00f3ximo 14 de septiembre en la Fortaleza de San Carlos del municipio de Perote, el gobernador de Veracruz, Cuitl\u00e1huac Garc\u00eda Jim\u00e9nez, entregar\u00e1 la medalla &#8220;Heberto Castillo&#8221;.<\/p>\n\n\n\n<p>La diputada presidenta de la comisi\u00f3n de Ciencia y Tecnolog\u00eda, Ver\u00f3nica Pulido Herrera, agreg\u00f3 que en dicha ceremonia estar\u00e1n presentes todos los legisladores de Veracruz, qui\u00e9nes previamente, hab\u00edan aprobado el cambio de sede.<\/p>\n\n\n\n<p>&#8220;El d\u00eda de hoy tuvimos en Sesi\u00f3n Extraordinaria, como otro punto, el votar por una de las propuestas de la terna, y te puedo decir que por unanimidad qued\u00f3 electo el doctor H\u00e9ctor V\u00e1zquez Leal, una persona que tiene una gran trayectoria acad\u00e9mica y sobre todo en el \u00e1rea de investigaci\u00f3n, y como Grupo Legislativo del Partido Acci\u00f3n Nacional aprobamos esta propuesta&#8221;, subray\u00f3 Ver\u00f3nica Pulido.<\/p>\n\n\n\n<p>La legisladora veracruzana destac\u00f3 al resto de las bancadas en el Congreso Local, qui\u00e9nes se sumaron a la propuesta del hoy ganador, para colocarlo de manera un\u00e1nime, como el pr\u00f3ximo acreedor a la medalla &#8220;Heberto Castillo&#8221;.<\/p>\n\n\n\n<p>&#8220;La verdad es que s\u00ed fue dif\u00edcil porque hubo 13 aspirantes con un gran curr\u00edculum, y sobre todo con las aportaciones en cada una de las ciencias y del desarrollo profesional que tienen, para conjuntar la terna la verdad es que s\u00ed fue dif\u00edcil la decisi\u00f3n para mis otros dos compa\u00f1eros que conformamos la comisi\u00f3n de Ciencia y Tecnolog\u00eda, porque tenemos mucho talento, hay investigadoras veracruzanas, hay investigadores veracruzanos con un gran trabajo, y ahora invitarlo a que el pr\u00f3ximo a\u00f1o que se vuelva a abrir la convocatoria ojal\u00e1 puedan participar m\u00e1s, porque la verdad es muy gratificante ver en lo que est\u00e1n trabajando nuestros investigadores veracruzanos&#8221;, remat\u00f3.<\/p>\n","protected":false},"excerpt":{"rendered":"<p>Alejandro \u00c1vila Veracruz, Ver.- El pr\u00f3ximo 14 de septiembre en la Fortaleza de San Carlos del municipio de Perote, el gobernador de Veracruz, Cuitl\u00e1huac Garc\u00eda Jim\u00e9nez, entregar\u00e1 la medalla &#8220;Heberto Castillo&#8221;. La diputada presidenta de la comisi\u00f3n de Ciencia y Tecnolog\u00eda, Ver\u00f3nica Pulido Herrera, agreg\u00f3 que en dicha ceremonia estar\u00e1n presentes todos los legisladores de [&hellip;]<\/p>\n","protected":false},"author":1,"featured_media":31125,"comment_status":"open","ping_status":"open","sticky":false,"template":"","format":"standard","meta":{"_jetpack_memberships_contains_paid_content":false,"footnotes":""},"categories":[2],"tags":[],"class_list":["post-31124","post","type-post","status-publish","format-standard","has-post-thumbnail","hentry","category-estado"],"jetpack_featured_media_url":"https:\/\/encuentroinformativo.com.mx\/wp-content\/uploads\/2022\/08\/0F3D260D-1D9C-4E5E-B1BE-070D156959F4.jpeg","jetpack_sharing_enabled":true,"jetpack_likes_enabled":true,"amp_enabled":true,"_links":{"self":[{"href":"https:\/\/encuentroinformativo.com.mx\/index.php?rest_route=\/wp\/v2\/posts\/31124","targetHints":{"allow":["GET"]}}],"collection":[{"href":"https:\/\/encuentroinformativo.com.mx\/index.php?rest_route=\/wp\/v2\/posts"}],"about":[{"href":"https:\/\/encuentroinformativo.com.mx\/index.php?rest_route=\/wp\/v2\/types\/post"}],"author":[{"embeddable":true,"href":"https:\/\/encuentroinformativo.com.mx\/index.php?rest_route=\/wp\/v2\/users\/1"}],"replies":[{"embeddable":true,"href":"https:\/\/encuentroinformativo.com.mx\/index.php?rest_route=%2Fwp%2Fv2%2Fcomments&post=31124"}],"version-history":[{"count":1,"href":"https:\/\/encuentroinformativo.com.mx\/index.php?rest_route=\/wp\/v2\/posts\/31124\/revisions"}],"predecessor-version":[{"id":31126,"href":"https:\/\/encuentroinformativo.com.mx\/index.php?rest_route=\/wp\/v2\/posts\/31124\/revisions\/31126"}],"wp:featuredmedia":[{"embeddable":true,"href":"https:\/\/encuentroinformativo.com.mx\/index.php?rest_route=\/wp\/v2\/media\/31125"}],"wp:attachment":[{"href":"https:\/\/encuentroinformativo.com.mx\/index.php?rest_route=%2Fwp%2Fv2%2Fmedia&parent=31124"}],"wp:term":[{"taxonomy":"category","embeddable":true,"href":"https:\/\/encuentroinformativo.com.mx\/index.php?rest_route=%2Fwp%2Fv2%2Fcategories&post=31124"},{"taxonomy":"post_tag","embeddable":true,"href":"https:\/\/encuentroinformativo.com.mx\/index.php?rest_route=%2Fwp%2Fv2%2Ftags&post=31124"}],"curies":[{"name":"wp","href":"https:\/\/api.w.org\/{rel}","templated":true}]}}