{"id":31130,"date":"2022-08-30T15:15:42","date_gmt":"2022-08-30T20:15:42","guid":{"rendered":"https:\/\/encuentroinformativo.com.mx\/?p=31130"},"modified":"2022-08-30T15:15:46","modified_gmt":"2022-08-30T20:15:46","slug":"vieja-escuela-nueva-escuela","status":"publish","type":"post","link":"https:\/\/encuentroinformativo.com.mx\/?p=31130","title":{"rendered":"VIEJA ESCUELA; NUEVA ESCUELA"},"content":{"rendered":"\n<p><strong>ColumnaSinNombre<br>@pablojair<\/strong><\/p>\n\n\n\n<ul class=\"wp-block-list\"><li>Estar\u00e1 Roc\u00edo Nahle presente en el Congreso de Energ\u00eda.<\/li><li>Otro \u201clogro\u201d de \u201cInmundo\u201d Andrade\u2026 cambia color a letras.<\/li><li>Zenyazen da bienvenida al nuevo ciclo escolar.<\/li><\/ul>\n\n\n\n<p>Encuestas ya posicionan arriba a Sheinbaum sobre Ebrard<br>\u00bfPos qu\u00e9 le ha pasado al canciller? \u00bfSe ha dormido?<br>\u2014Chopenjawer<\/p>\n\n\n\n<p>Definitivamente ya son otros tiempos, y a las generaciones j\u00f3venes les tocar\u00e1 una sociedad muy distinta a la que nos toc\u00f3 a nosotros.<\/p>\n\n\n\n<p>Quiero suponer que ser\u00e1 una sociedad mejor, pues est\u00e1 m\u00e1s preocupada, por ejemplo, por el maltrato animal, por la inclusi\u00f3n.<\/p>\n\n\n\n<p>Los de la vieja escuela quiz\u00e1s no estemos de acuerdo, por ejemplo, con lo del &#8220;lenguaje inclusivo&#8221;, pero ya se ocupa hasta para carteles de ba\u00f1os y son un lenguaje com\u00fan en ciertas comunidades virtuales.<\/p>\n\n\n\n<p>\u00bfQui\u00e9n no recuerda \u2014al menos yo s\u00ed\u2014 el anhelo rebelde de tener el cabello largo? Algo que la mayor\u00eda de nosotros cumplimos ya en universidad o fuera de ella, porque en la secundaria o primaria nos lo prohib\u00edan tajantemente. Ahora, ser\u00e1 hasta discriminatorio si se obliga al alumno a cortarse el pelo.<\/p>\n\n\n\n<p>Este fin de semana platicaba eso con una madre de familia, una amiga muy querida (hasta arco\u00edris nos toc\u00f3); y aunque entiende perfectamente que son tiempos distintos, pon\u00eda un ejemplo que me parece prudente destacar: la escuela de alguna manera nos va ense\u00f1ando lo que ser\u00e1n las reglas de la vida, el mundo real m\u00e1s all\u00e1 de lo virtual en la que est\u00e1n conectados totalmente las nuevas generaciones.<\/p>\n\n\n\n<p>Entre esas reglas, la disciplina constante de levantarse temprano para acudir a un sal\u00f3n de clases, aunque ahora con la pandemia surgi\u00f3 una nueva modalidad obligada que ahora pone a pensar a muchos si realmente es necesario acudir a una aula.<\/p>\n\n\n\n<p>En lo personal, creo que s\u00ed, pues est\u00e1 comprobado que no es el mismo aprendizaje, ni el mismo nivel de compromiso el estar sentado en un sal\u00f3n, a estar acostado en pijama con una computadora en la panza.<\/p>\n\n\n\n<p>El tema del cabello pintado o largo debo decir que abogo por los que quieran lucir como se les d\u00e9 su regalada gana, m\u00e1s en la edad donde la rebeld\u00eda es natural como los barros y las espinillas. \u00bfQu\u00e9 si quiero pintarlo? Adelante\u2026 \u00bfQue si lo quiero rapado? Adelante\u2026 Creo que nadie debe decidir por c\u00f3mo uno quiera sentirse a gusto con su cuerpo, aunque muchos padres piensen que no est\u00e1n los ni\u00f1os y los j\u00f3venes para decidirlo porque, seg\u00fan, no son personas plenamente maduras.<\/p>\n\n\n\n<p>Lo del uniforme creo que es otro ejemplo que bien deber\u00edan reconsiderar (m\u00e1s all\u00e1 de quien use falda o pantal\u00f3n, algo impensable hace unas d\u00e9cadas)\u2026 Y es que hasta cuando uno entra en lo laboral es cuando te das cuenta que un uniforme es m\u00e1s pr\u00e1ctico con la vida diaria, precisamente para no estar usando la ropa de uno.<\/p>\n\n\n\n<p>Bueno, si llegas a ser fif\u00ed, pos te compras trajes de etiqueta pa\u2019l diario.<\/p>\n\n\n\n<p>El tema tanto del cabello como el uniforme, se presta a debate por quienes siguen la l\u00ednea tradicional y por los llamados &#8220;progres&#8221;, pero sin duda al final de cuentas es decisi\u00f3n de cada familia y mucho tienen qu\u00e9 ver las reglas de cada escuela.<\/p>\n\n\n\n<p>Si uno decide meter a su hijo en una instituci\u00f3n donde prohiben el tinte, el uso de faldas en hombres o el cabello largo, pues tendr\u00e1 que seguir dichas reglas o cambiar a su hijo o hija de centro educativo. Si encuentra uno que se apegue a esos deseos de lucir diferente, entonces tendr\u00e1 mucha suerte.<\/p>\n\n\n\n<p>Al final de cuentas la escuela es como el ensayo de la vida adulta; lo que nos va preparando mentalmente para lo que nos gusta, lo que queremos hacer en la vida; lo que nos va orientando sobre los gustos, los oficios. La escuela es la segunda casa, la que nos prepara tambi\u00e9n para todo.<\/p>\n\n\n\n<p><strong>NOTA PARA PEGAR EN EL REFRI: <\/strong>Ser\u00e1 este mi\u00e9rcoles 7 de septiembre cuando la secretar\u00eda de Energ\u00eda, Roc\u00edo Nahle, estar\u00e1 presente en el 4to Congreso de Energ\u00eda que se llevar\u00e1 a cabo en el World Trade Center de Boca del R\u00edo. Al mismo acudir\u00e1 el gobernador Cuitl\u00e1huac Garc\u00eda Jim\u00e9nez, quien dar\u00e1 un mensaje de inauguraci\u00f3n, prevista para las cuatro de la tarde\u2026 La tambi\u00e9n senadora por Veracruz con licencia dar\u00e1 una conferencia magistral en el Sal\u00f3n Taj\u00edn, y estar\u00e1 acompa\u00f1ada por Raquel Buenrostro Sanchez, la mera-mera del temido Servicio de Administraci\u00f3n Tributaria (SAT); as\u00ed tambi\u00e9n como Manuel \u201cEl Mugroso\u201d Bartlett, el director de la Comisi\u00f3n Federal de Electricidad (CFE).<\/p>\n\n\n\n<p><strong>OTRA NOTA:<\/strong> Otro \u201clogro\u201d de \u201cInmundo\u201d Andrade, el alcalde de Coatepec: cambi\u00f3 de color las letras monumentales que estaban frente al Palacio Municipal, las pint\u00f3 de color opaco y las coloc\u00f3 tapando el monumento a la hija ilustre, la poetisa Mar\u00eda Enriqueta Camarillo\u2026 No resuelve prioridades como la recolecci\u00f3n de basura, tiene un desmadre el centro de la ciudad con calles cerradas por \u201cobras\u201d mal obradas, hay harto ambulantaje, pero ya por lo menos puede presumir que va compitiendo con las letras menos vistosas de la regi\u00f3n\u2026 Hasta recuerda al exalcalde \u201cXip\u00f3lito\u201d, de Xalapa, cuando puso los esperpentos que se terminaron robando\u2026 Ah\u00ed la llevas, \u201cInmundo\u201d.<\/p>\n\n\n\n<p><strong>LA \u00daLTIMA PORQUE POSIBLE GARNACHA MA\u00d1ANA:<\/strong> Al asistir a la ceremonia de inicio del ciclo escolar 2022-2023, el titular de la Secretar\u00eda de Educaci\u00f3n de Veracruz (SEV), Zenyazen Escobar Garc\u00eda, dio la bienvenida a un mill\u00f3n 349 mil 290 estudiantes de Educaci\u00f3n B\u00e1sica atendidos por 87 mil 507 maestras y maestros, asimismo, reconoci\u00f3 el esfuerzo y compromiso del gremio magisterial por el trabajo hecho durante la pandemia; una vez m\u00e1s reafirm\u00f3 que en el estado se tiene a las y los mejores docentes del pa\u00eds\u2026 Por cierto, en entrevista coment\u00f3 que hasta este lunes de regreso a clases se ten\u00eda el reporte de dos escuelas vandalizadas, una en Xalapa y otra en el Puerto de Veracruz\u2026 Ya sabe, che gente que no tiene nada qu\u00e9 hacer m\u00e1s que joder al pr\u00f3jimo.<\/p>\n","protected":false},"excerpt":{"rendered":"<p>ColumnaSinNombre@pablojair Estar\u00e1 Roc\u00edo Nahle presente en el Congreso de Energ\u00eda. Otro \u201clogro\u201d de \u201cInmundo\u201d Andrade\u2026 cambia color a letras. Zenyazen da bienvenida al nuevo ciclo escolar. Encuestas ya posicionan arriba a Sheinbaum sobre Ebrard\u00bfPos qu\u00e9 le ha pasado al canciller? \u00bfSe ha dormido?\u2014Chopenjawer Definitivamente ya son otros tiempos, y a las generaciones j\u00f3venes les tocar\u00e1 [&hellip;]<\/p>\n","protected":false},"author":1,"featured_media":488,"comment_status":"open","ping_status":"open","sticky":false,"template":"","format":"standard","meta":{"_jetpack_memberships_contains_paid_content":false,"footnotes":""},"categories":[11],"tags":[],"class_list":["post-31130","post","type-post","status-publish","format-standard","has-post-thumbnail","hentry","category-opinion"],"jetpack_featured_media_url":"https:\/\/encuentroinformativo.com.mx\/wp-content\/uploads\/2020\/03\/F471F608-BA1A-416B-BA7B-BCFB24F4E6D0.jpeg","jetpack_sharing_enabled":true,"jetpack_likes_enabled":true,"amp_enabled":true,"_links":{"self":[{"href":"https:\/\/encuentroinformativo.com.mx\/index.php?rest_route=\/wp\/v2\/posts\/31130","targetHints":{"allow":["GET"]}}],"collection":[{"href":"https:\/\/encuentroinformativo.com.mx\/index.php?rest_route=\/wp\/v2\/posts"}],"about":[{"href":"https:\/\/encuentroinformativo.com.mx\/index.php?rest_route=\/wp\/v2\/types\/post"}],"author":[{"embeddable":true,"href":"https:\/\/encuentroinformativo.com.mx\/index.php?rest_route=\/wp\/v2\/users\/1"}],"replies":[{"embeddable":true,"href":"https:\/\/encuentroinformativo.com.mx\/index.php?rest_route=%2Fwp%2Fv2%2Fcomments&post=31130"}],"version-history":[{"count":1,"href":"https:\/\/encuentroinformativo.com.mx\/index.php?rest_route=\/wp\/v2\/posts\/31130\/revisions"}],"predecessor-version":[{"id":31131,"href":"https:\/\/encuentroinformativo.com.mx\/index.php?rest_route=\/wp\/v2\/posts\/31130\/revisions\/31131"}],"wp:featuredmedia":[{"embeddable":true,"href":"https:\/\/encuentroinformativo.com.mx\/index.php?rest_route=\/wp\/v2\/media\/488"}],"wp:attachment":[{"href":"https:\/\/encuentroinformativo.com.mx\/index.php?rest_route=%2Fwp%2Fv2%2Fmedia&parent=31130"}],"wp:term":[{"taxonomy":"category","embeddable":true,"href":"https:\/\/encuentroinformativo.com.mx\/index.php?rest_route=%2Fwp%2Fv2%2Fcategories&post=31130"},{"taxonomy":"post_tag","embeddable":true,"href":"https:\/\/encuentroinformativo.com.mx\/index.php?rest_route=%2Fwp%2Fv2%2Ftags&post=31130"}],"curies":[{"name":"wp","href":"https:\/\/api.w.org\/{rel}","templated":true}]}}