{"id":31132,"date":"2022-08-30T15:25:58","date_gmt":"2022-08-30T20:25:58","guid":{"rendered":"https:\/\/encuentroinformativo.com.mx\/?p=31132"},"modified":"2022-08-30T15:26:02","modified_gmt":"2022-08-30T20:26:02","slug":"reestructura-ayuntamiento-proyecto-de-memorial-alcalde","status":"publish","type":"post","link":"https:\/\/encuentroinformativo.com.mx\/?p=31132","title":{"rendered":"Reestructura Ayuntamiento proyecto de Memorial: Alcalde"},"content":{"rendered":"\n<p><strong>Dar\u00edo Pale <\/strong><\/p>\n\n\n\n<p>Xalapa, Ver.- El presidente municipal de Xalapa Ricardo Ahued Bardahuil dio a conocer que la b\u00fasqueda de fosas en Palo Verde debe autorizarlo la Fiscal\u00eda General del Estado (FGE), \u00a0no obstante confirm\u00f3 que se har\u00e1 un Memorial para Desaparecidos.<\/p>\n\n\n\n<p>En entrevista se\u00f1al\u00f3 que, &#8220;el Memorial se est\u00e1 reestructurando el proyecto que nos solicitaron para pedir la inversi\u00f3n, se va a hacer, es muy importante, ya se hizo una reestructuraci\u00f3n en el proyecto, acordado con ellas, para que se recompusiera en la parte del techo y los espacios, porque era un espacio cerrado y era muy riesgoso la parte interna, era un pasillo, ya qued\u00f3&#8221;.<\/p>\n\n\n\n<p>Coment\u00f3 que se va a mejorar la altura, por lo que el proyecto se va a fondear para darle legalidad a la inversi\u00f3n.<\/p>\n\n\n\n<p>Con relaci\u00f3n a la solicitud que hicieron familiares de desaparecidos para buscar en fosas del pante\u00f3n Palo Verde, precis\u00f3 que se debe tener autorizaci\u00f3n de la Fiscal\u00eda.<\/p>\n\n\n\n<p>&#8220;Es un tema para el Ayuntamiento donde no puede intervenir las fosas si no tiene la autorizaci\u00f3n de la Fiscal\u00eda, pero estamos dispuestos en el momento que se resuelvan los temas de la Fiscal\u00eda, para que autorice con la intervenci\u00f3n de Derechos Humanos, para que revisen la apertura si as\u00ed fuera necesario&#8221;, coment\u00f3.<\/p>\n\n\n\n<p>El alcalde dijo que comprende la situaci\u00f3n de angustia de las madres, pero tambi\u00e9n deben saber hasta d\u00f3nde llegan las facultades legales del Ayuntamiento para poder intervenir.<\/p>\n\n\n\n<p>La solicitud la hacen los interesados, y si les llega, la env\u00edan a las autoridades correspondientes, para que les indiquen si est\u00e1n en proceso de autorizaci\u00f3n o no.<\/p>\n\n\n\n<p>Sobre los puntos de b\u00fasqueda, el presidente municipal dijo que solo se trata del pante\u00f3n Palo Verde y acerca del Santuario de las Garzas, La Herradura, dijo desconocer.<\/p>\n\n\n\n<p>Finalmente se\u00f1al\u00f3: &#8220;Voy a ser muy honesto, si hubiera no tengo el conocimiento y no he tenido esa ratificaci\u00f3n, tendr\u00eda que revisarlo tambi\u00e9n en la Fiscal\u00eda si hay alguna denuncia, en esos t\u00e9rminos la Fiscal\u00eda nos ordenar\u00eda estar presentes si as\u00ed fuera necesario para coadyuvar con los servicios necesarios&#8221;.<\/p>\n","protected":false},"excerpt":{"rendered":"<p>Dar\u00edo Pale Xalapa, Ver.- El presidente municipal de Xalapa Ricardo Ahued Bardahuil dio a conocer que la b\u00fasqueda de fosas en Palo Verde debe autorizarlo la Fiscal\u00eda General del Estado (FGE), \u00a0no obstante confirm\u00f3 que se har\u00e1 un Memorial para Desaparecidos. En entrevista se\u00f1al\u00f3 que, &#8220;el Memorial se est\u00e1 reestructurando el proyecto que nos solicitaron [&hellip;]<\/p>\n","protected":false},"author":1,"featured_media":31133,"comment_status":"open","ping_status":"open","sticky":false,"template":"","format":"standard","meta":{"_jetpack_memberships_contains_paid_content":false,"footnotes":""},"categories":[3],"tags":[],"class_list":["post-31132","post","type-post","status-publish","format-standard","has-post-thumbnail","hentry","category-xalapa"],"jetpack_featured_media_url":"https:\/\/encuentroinformativo.com.mx\/wp-content\/uploads\/2022\/08\/1A7EF34F-9F39-45DE-A99E-E2B2C286B27F.jpeg","jetpack_sharing_enabled":true,"jetpack_likes_enabled":true,"amp_enabled":true,"_links":{"self":[{"href":"https:\/\/encuentroinformativo.com.mx\/index.php?rest_route=\/wp\/v2\/posts\/31132","targetHints":{"allow":["GET"]}}],"collection":[{"href":"https:\/\/encuentroinformativo.com.mx\/index.php?rest_route=\/wp\/v2\/posts"}],"about":[{"href":"https:\/\/encuentroinformativo.com.mx\/index.php?rest_route=\/wp\/v2\/types\/post"}],"author":[{"embeddable":true,"href":"https:\/\/encuentroinformativo.com.mx\/index.php?rest_route=\/wp\/v2\/users\/1"}],"replies":[{"embeddable":true,"href":"https:\/\/encuentroinformativo.com.mx\/index.php?rest_route=%2Fwp%2Fv2%2Fcomments&post=31132"}],"version-history":[{"count":1,"href":"https:\/\/encuentroinformativo.com.mx\/index.php?rest_route=\/wp\/v2\/posts\/31132\/revisions"}],"predecessor-version":[{"id":31134,"href":"https:\/\/encuentroinformativo.com.mx\/index.php?rest_route=\/wp\/v2\/posts\/31132\/revisions\/31134"}],"wp:featuredmedia":[{"embeddable":true,"href":"https:\/\/encuentroinformativo.com.mx\/index.php?rest_route=\/wp\/v2\/media\/31133"}],"wp:attachment":[{"href":"https:\/\/encuentroinformativo.com.mx\/index.php?rest_route=%2Fwp%2Fv2%2Fmedia&parent=31132"}],"wp:term":[{"taxonomy":"category","embeddable":true,"href":"https:\/\/encuentroinformativo.com.mx\/index.php?rest_route=%2Fwp%2Fv2%2Fcategories&post=31132"},{"taxonomy":"post_tag","embeddable":true,"href":"https:\/\/encuentroinformativo.com.mx\/index.php?rest_route=%2Fwp%2Fv2%2Ftags&post=31132"}],"curies":[{"name":"wp","href":"https:\/\/api.w.org\/{rel}","templated":true}]}}