{"id":31159,"date":"2022-08-31T11:34:06","date_gmt":"2022-08-31T16:34:06","guid":{"rendered":"https:\/\/encuentroinformativo.com.mx\/?p=31159"},"modified":"2022-08-31T11:34:10","modified_gmt":"2022-08-31T16:34:10","slug":"presentan-el-comite-estatal-de-morena","status":"publish","type":"post","link":"https:\/\/encuentroinformativo.com.mx\/?p=31159","title":{"rendered":"Presentan el comit\u00e9 estatal de Morena"},"content":{"rendered":"\n<p>Xalapa, Ver.- El dirigente estatal de Morena en Veracruz, Esteban Ram\u00edrez Zepeta present\u00f3 a los integrantes del Comit\u00e9 Ejecutivo Estatal.<\/p>\n\n\n\n<p>Durante su discurso dijo que seguir\u00e1n trabajando para consolidar la Cuarta Transformaci\u00f3n y los proyectos del presidente Andr\u00e9s Manuel L\u00f3pez Obrador.\u00a0<br><\/p>\n\n\n\n<figure class=\"wp-block-image size-large\"><img loading=\"lazy\" decoding=\"async\" width=\"1024\" height=\"648\" src=\"https:\/\/encuentroinformativo.com.mx\/wp-content\/uploads\/2022\/08\/7BB230D7-1C09-4BC6-A11E-089A9769BCEF-1024x648.jpeg\" alt=\"\" class=\"wp-image-31161\" srcset=\"https:\/\/encuentroinformativo.com.mx\/wp-content\/uploads\/2022\/08\/7BB230D7-1C09-4BC6-A11E-089A9769BCEF-1024x648.jpeg 1024w, https:\/\/encuentroinformativo.com.mx\/wp-content\/uploads\/2022\/08\/7BB230D7-1C09-4BC6-A11E-089A9769BCEF-300x190.jpeg 300w, https:\/\/encuentroinformativo.com.mx\/wp-content\/uploads\/2022\/08\/7BB230D7-1C09-4BC6-A11E-089A9769BCEF-768x486.jpeg 768w, https:\/\/encuentroinformativo.com.mx\/wp-content\/uploads\/2022\/08\/7BB230D7-1C09-4BC6-A11E-089A9769BCEF-1536x972.jpeg 1536w, https:\/\/encuentroinformativo.com.mx\/wp-content\/uploads\/2022\/08\/7BB230D7-1C09-4BC6-A11E-089A9769BCEF.jpeg 1600w\" sizes=\"auto, (max-width: 1024px) 100vw, 1024px\" \/><\/figure>\n","protected":false},"excerpt":{"rendered":"<p>Xalapa, Ver.- El dirigente estatal de Morena en Veracruz, Esteban Ram\u00edrez Zepeta present\u00f3 a los integrantes del Comit\u00e9 Ejecutivo Estatal. Durante su discurso dijo que seguir\u00e1n trabajando para consolidar la Cuarta Transformaci\u00f3n y los proyectos del presidente Andr\u00e9s Manuel L\u00f3pez Obrador.\u00a0<\/p>\n","protected":false},"author":1,"featured_media":31160,"comment_status":"open","ping_status":"open","sticky":false,"template":"","format":"standard","meta":{"_jetpack_memberships_contains_paid_content":false,"footnotes":""},"categories":[2],"tags":[],"class_list":["post-31159","post","type-post","status-publish","format-standard","has-post-thumbnail","hentry","category-estado"],"jetpack_featured_media_url":"https:\/\/encuentroinformativo.com.mx\/wp-content\/uploads\/2022\/08\/4496E444-AC29-48BD-8A4D-501ADB7C26A0.jpeg","jetpack_sharing_enabled":true,"jetpack_likes_enabled":true,"amp_enabled":true,"_links":{"self":[{"href":"https:\/\/encuentroinformativo.com.mx\/index.php?rest_route=\/wp\/v2\/posts\/31159","targetHints":{"allow":["GET"]}}],"collection":[{"href":"https:\/\/encuentroinformativo.com.mx\/index.php?rest_route=\/wp\/v2\/posts"}],"about":[{"href":"https:\/\/encuentroinformativo.com.mx\/index.php?rest_route=\/wp\/v2\/types\/post"}],"author":[{"embeddable":true,"href":"https:\/\/encuentroinformativo.com.mx\/index.php?rest_route=\/wp\/v2\/users\/1"}],"replies":[{"embeddable":true,"href":"https:\/\/encuentroinformativo.com.mx\/index.php?rest_route=%2Fwp%2Fv2%2Fcomments&post=31159"}],"version-history":[{"count":1,"href":"https:\/\/encuentroinformativo.com.mx\/index.php?rest_route=\/wp\/v2\/posts\/31159\/revisions"}],"predecessor-version":[{"id":31162,"href":"https:\/\/encuentroinformativo.com.mx\/index.php?rest_route=\/wp\/v2\/posts\/31159\/revisions\/31162"}],"wp:featuredmedia":[{"embeddable":true,"href":"https:\/\/encuentroinformativo.com.mx\/index.php?rest_route=\/wp\/v2\/media\/31160"}],"wp:attachment":[{"href":"https:\/\/encuentroinformativo.com.mx\/index.php?rest_route=%2Fwp%2Fv2%2Fmedia&parent=31159"}],"wp:term":[{"taxonomy":"category","embeddable":true,"href":"https:\/\/encuentroinformativo.com.mx\/index.php?rest_route=%2Fwp%2Fv2%2Fcategories&post=31159"},{"taxonomy":"post_tag","embeddable":true,"href":"https:\/\/encuentroinformativo.com.mx\/index.php?rest_route=%2Fwp%2Fv2%2Ftags&post=31159"}],"curies":[{"name":"wp","href":"https:\/\/api.w.org\/{rel}","templated":true}]}}