{"id":3116,"date":"2020-06-05T13:01:50","date_gmt":"2020-06-05T18:01:50","guid":{"rendered":"https:\/\/encuentroinformativo.com\/?p=3116"},"modified":"2020-06-05T13:01:53","modified_gmt":"2020-06-05T18:01:53","slug":"como-irresponsable-califica-prd-gira-presidencial-por-veracruz","status":"publish","type":"post","link":"https:\/\/encuentroinformativo.com.mx\/?p=3116","title":{"rendered":"Como \u201cirresponsable\u201d califica PRD gira presidencial por Veracruz"},"content":{"rendered":"\n<p><strong>Juan Arcos <\/strong><\/p>\n\n\n\n<p>Xalapa, Ver.- El dirigente estatal del Partido de la Revoluci\u00f3n Democr\u00e1tica (PRD), Jes\u00fas Vel\u00e1zquez Flores, pidi\u00f3 al presidente Andr\u00e9s Manuel L\u00f3pez Obrador que no venga a Veracruz para evitar m\u00e1s contagios de Covid-19.<\/p>\n\n\n\n<p>Cabe recordar que el mandatario federal anunci\u00f3 que reactivar\u00eda sus giras y que estar\u00eda el s\u00e1bado 6 de junio en el municipio de Veracruz, una de las zonas m\u00e1s infectadas por el virus.<\/p>\n\n\n\n<p>En ese sentido, el l\u00edder del Sol Azteca en Veracruz record\u00f3 al titular del Poder Ejecutivo que la entidad enfrenta la etapa m\u00e1s cr\u00edtica de la pandemia.<\/p>\n\n\n\n<p>\u201cLos contagios van a la alza, los fallecimientos de la misma manera, es algo muy irresponsable que el Presidente de M\u00e9xico, haciendo caso omiso de las propias recomendaciones que ellos dan, venga a Veracruz a hacer un acto masivo como el que se pretende hacer el pr\u00f3ximo 6 de junio\u201d.<\/p>\n\n\n\n<p>Cabe destacar que el estado de Veracruz acumul\u00f3 m\u00e1s de 100 defunciones por Covid-19 en los \u00faltimos d\u00edas.<\/p>\n\n\n\n<p>Por tal motivo, Vel\u00e1zquez Flores exhort\u00f3 a los ciudadanos a que no acudan al mitin de L\u00f3pez Obrador.<\/p>\n\n\n\n<p>\u201cEs muy complicado que las y los veracruzanos nos arriesguemos a acudir a estos actos en donde seguramente no se tendr\u00e1n las medidas de prevenci\u00f3n que el propio gobierno federal est\u00e1 dando\u201d.<\/p>\n\n\n\n<p>Tambi\u00e9n la bancada legislativa del Partido Acci\u00f3n Nacional (PAN) en Congreso local consider\u00f3 como un acto \u201cirresponsable\u201d la visita AMLO a la entidad.<\/p>\n\n\n\n<p>\u201cNosotros le decimos al Presidente que es mejor que no venga, que no est\u00e9 promoviendo actos masivos cuando todav\u00eda no estamos en condiciones de poder salir de casa como \u00e9l lo est\u00e1 promoviendo, nosotros le sugerimos que se quede en su rancho all\u00e1 es donde debe de estar\u201d, remat\u00f3 el Presidente del PRD en Veracruz.<\/p>\n\n\n\n<p><\/p>\n","protected":false},"excerpt":{"rendered":"<p>Juan Arcos Xalapa, Ver.- El dirigente estatal del Partido de la Revoluci\u00f3n Democr\u00e1tica (PRD), Jes\u00fas Vel\u00e1zquez Flores, pidi\u00f3 al presidente Andr\u00e9s Manuel L\u00f3pez Obrador que no venga a Veracruz para evitar m\u00e1s contagios de Covid-19. Cabe recordar que el mandatario federal anunci\u00f3 que reactivar\u00eda sus giras y que estar\u00eda el s\u00e1bado 6 de junio en [&hellip;]<\/p>\n","protected":false},"author":1,"featured_media":2029,"comment_status":"open","ping_status":"open","sticky":false,"template":"","format":"standard","meta":{"_jetpack_memberships_contains_paid_content":false,"footnotes":""},"categories":[2],"tags":[],"class_list":["post-3116","post","type-post","status-publish","format-standard","has-post-thumbnail","hentry","category-estado"],"jetpack_featured_media_url":"https:\/\/encuentroinformativo.com.mx\/wp-content\/uploads\/2020\/04\/CFE3A87B-5A63-4621-8354-62B6E5FC1B53.jpeg","jetpack_sharing_enabled":true,"jetpack_likes_enabled":true,"amp_enabled":true,"_links":{"self":[{"href":"https:\/\/encuentroinformativo.com.mx\/index.php?rest_route=\/wp\/v2\/posts\/3116","targetHints":{"allow":["GET"]}}],"collection":[{"href":"https:\/\/encuentroinformativo.com.mx\/index.php?rest_route=\/wp\/v2\/posts"}],"about":[{"href":"https:\/\/encuentroinformativo.com.mx\/index.php?rest_route=\/wp\/v2\/types\/post"}],"author":[{"embeddable":true,"href":"https:\/\/encuentroinformativo.com.mx\/index.php?rest_route=\/wp\/v2\/users\/1"}],"replies":[{"embeddable":true,"href":"https:\/\/encuentroinformativo.com.mx\/index.php?rest_route=%2Fwp%2Fv2%2Fcomments&post=3116"}],"version-history":[{"count":1,"href":"https:\/\/encuentroinformativo.com.mx\/index.php?rest_route=\/wp\/v2\/posts\/3116\/revisions"}],"predecessor-version":[{"id":3117,"href":"https:\/\/encuentroinformativo.com.mx\/index.php?rest_route=\/wp\/v2\/posts\/3116\/revisions\/3117"}],"wp:featuredmedia":[{"embeddable":true,"href":"https:\/\/encuentroinformativo.com.mx\/index.php?rest_route=\/wp\/v2\/media\/2029"}],"wp:attachment":[{"href":"https:\/\/encuentroinformativo.com.mx\/index.php?rest_route=%2Fwp%2Fv2%2Fmedia&parent=3116"}],"wp:term":[{"taxonomy":"category","embeddable":true,"href":"https:\/\/encuentroinformativo.com.mx\/index.php?rest_route=%2Fwp%2Fv2%2Fcategories&post=3116"},{"taxonomy":"post_tag","embeddable":true,"href":"https:\/\/encuentroinformativo.com.mx\/index.php?rest_route=%2Fwp%2Fv2%2Ftags&post=3116"}],"curies":[{"name":"wp","href":"https:\/\/api.w.org\/{rel}","templated":true}]}}