{"id":31164,"date":"2022-08-31T12:14:22","date_gmt":"2022-08-31T17:14:22","guid":{"rendered":"https:\/\/encuentroinformativo.com.mx\/?p=31164"},"modified":"2022-08-31T12:14:26","modified_gmt":"2022-08-31T17:14:26","slug":"advierte-diputado-defendera-militancia-en-tribunales","status":"publish","type":"post","link":"https:\/\/encuentroinformativo.com.mx\/?p=31164","title":{"rendered":"Advierte diputado, defender\u00e1 militancia en Tribunales"},"content":{"rendered":"\n<p><strong>Dar\u00edo Pale<\/strong><\/p>\n\n\n\n<p>Xalapa, Ver.- Si me excluyen del Grupo Legislativo del Partido Acci\u00f3n Nacional (PAN), recurrir\u00e9 a Tribunales para que les respeten sus derechos como militante de dicho partido, as\u00ed lo inform\u00f3 el diputado local y actual coordinador de la bancada en el Congreso del Estado, Oth\u00f3n Hern\u00e1ndez Candanedo.<\/p>\n\n\n\n<p>En entrevista se\u00f1al\u00f3 que, &#8220;pueden iniciar el proceso de exclusi\u00f3n del grupo, pero tengo derechos adquiridos como militante, ir\u00e9 a los tribunales para que esos derechos sean respetados&#8221;.<\/p>\n\n\n\n<p>&#8220;Soy un hombre de instituciones, conf\u00edo y creo en las instituciones, espero que en su momento, una vez que inicie este proceso, el Tribunal resuelva a favor y nuevamente me puedan reincorporar al grupo legislativo&#8221;, coment\u00f3.<\/p>\n\n\n\n<p>Hern\u00e1ndez Candanedo precis\u00f3 que un tema es que lo excluyan de la bancada legislativa y otro tema es la militancia, &#8220;militante sigo siendo de Acci\u00f3n Nacional&#8221;, ya que record\u00f3 que su periodo como coordinador del Grupo Legislativo del PAN concluye el pr\u00f3ximo 4 de noviembre.<\/p>\n\n\n\n<p>&#8220;Mi periodo termina el 4 de noviembre, es el periodo por un a\u00f1o, por el que fui elegido por el grupo legislativo, en un acta constitutiva por quienes integramos el grupo&#8221;, se\u00f1al\u00f3.<\/p>\n\n\n\n<p>De manera que acerca de su supuesta salida del partido, indic\u00f3 que se trata solamente de rumores.<\/p>\n\n\n\n<p>&#8220;Yo no tengo la invitaci\u00f3n de nadie del Partido del Trabajo, yo estoy contento en Acci\u00f3n Nacional y no es un tema de que me quiera ir, he platicado con diferentes compa\u00f1eros de los partidos pol\u00edticos, me llevo con todos los dirigentes estatales, sobre todo, ir viendo como oposici\u00f3n, organizarnos para las elecciones de 2024&#8221;, dijo.<\/p>\n\n\n\n<p>El diputado coment\u00f3 que cuando recorri\u00f3 el distrito de Misantla, los militantes y simpatizantes le pudieron que hiciera crecer el padr\u00f3n del distrito.<\/p>\n\n\n\n<p>&#8220;En el comit\u00e9 municipal del PAN, desde enero de este a\u00f1o, tenemos el biom\u00e9trico, que es el aparato donde uno puede poner su huella y es el \u00faltimo de los procesos para poder ser militante&#8221;, inform\u00f3 en entrevista.<\/p>\n\n\n\n<p>Por ello, cuestion\u00f3 si el comit\u00e9 estatal est\u00e1 haciendo ese proceso de afiliaci\u00f3n para quienes quieren ser militantes.<\/p>\n\n\n\n<p>&#8220;Yo les dejo de tarea que pregunten al presidente estatal o a los presidentes de los comit\u00e9s municipales en d\u00f3nde est\u00e1n haciendo el proceso de afiliaci\u00f3n, nosotros lo hacemos en Misantla para que la militancia crezca&#8221;, cuestion\u00f3.<\/p>\n\n\n\n<p>De manera que destac\u00f3 que \u00e9l contin\u00faa trabajando por su instituto pol\u00edtico.<\/p>\n\n\n\n<p>Dijo que esta contento trabajando en Acci\u00f3n Nacional, al interior del partido para hacer crecer la militancia no nada m\u00e1s de Misantla o del distrito, sino de todo el estado, pero tambi\u00e9n trabaja hacia afuera con lo militantes, con los simpatizantes, pero sobre todo con las y los veracruzanos.<\/p>\n\n\n\n<p>En materia legislativa indic\u00f3 que la participaci\u00f3n de los diputados panistas ha sido constante y permanente.<\/p>\n\n\n\n<p>&#8220;Un servidor, el jueves pasado, acaba de presentar la ley de movilidad y seguridad vial, estamos trabajando en ello, estaremos haciendo algunas reuniones, algunos foros&#8221;, se\u00f1al\u00f3.<\/p>\n\n\n\n<p>Finalmente el diputado destac\u00f3 que el programa Con Fuerza al Campo le ha permitido recorrer m\u00e1s de 30 municipios desde el mes de mayo a la fecha.<\/p>\n","protected":false},"excerpt":{"rendered":"<p>Dar\u00edo Pale Xalapa, Ver.- Si me excluyen del Grupo Legislativo del Partido Acci\u00f3n Nacional (PAN), recurrir\u00e9 a Tribunales para que les respeten sus derechos como militante de dicho partido, as\u00ed lo inform\u00f3 el diputado local y actual coordinador de la bancada en el Congreso del Estado, Oth\u00f3n Hern\u00e1ndez Candanedo. En entrevista se\u00f1al\u00f3 que, &#8220;pueden iniciar [&hellip;]<\/p>\n","protected":false},"author":1,"featured_media":31165,"comment_status":"open","ping_status":"open","sticky":false,"template":"","format":"standard","meta":{"_jetpack_memberships_contains_paid_content":false,"footnotes":""},"categories":[2],"tags":[],"class_list":["post-31164","post","type-post","status-publish","format-standard","has-post-thumbnail","hentry","category-estado"],"jetpack_featured_media_url":"https:\/\/encuentroinformativo.com.mx\/wp-content\/uploads\/2022\/08\/7ACBF4EB-3BA6-4663-9775-AB131615184D.jpeg","jetpack_sharing_enabled":true,"jetpack_likes_enabled":true,"amp_enabled":true,"_links":{"self":[{"href":"https:\/\/encuentroinformativo.com.mx\/index.php?rest_route=\/wp\/v2\/posts\/31164","targetHints":{"allow":["GET"]}}],"collection":[{"href":"https:\/\/encuentroinformativo.com.mx\/index.php?rest_route=\/wp\/v2\/posts"}],"about":[{"href":"https:\/\/encuentroinformativo.com.mx\/index.php?rest_route=\/wp\/v2\/types\/post"}],"author":[{"embeddable":true,"href":"https:\/\/encuentroinformativo.com.mx\/index.php?rest_route=\/wp\/v2\/users\/1"}],"replies":[{"embeddable":true,"href":"https:\/\/encuentroinformativo.com.mx\/index.php?rest_route=%2Fwp%2Fv2%2Fcomments&post=31164"}],"version-history":[{"count":1,"href":"https:\/\/encuentroinformativo.com.mx\/index.php?rest_route=\/wp\/v2\/posts\/31164\/revisions"}],"predecessor-version":[{"id":31166,"href":"https:\/\/encuentroinformativo.com.mx\/index.php?rest_route=\/wp\/v2\/posts\/31164\/revisions\/31166"}],"wp:featuredmedia":[{"embeddable":true,"href":"https:\/\/encuentroinformativo.com.mx\/index.php?rest_route=\/wp\/v2\/media\/31165"}],"wp:attachment":[{"href":"https:\/\/encuentroinformativo.com.mx\/index.php?rest_route=%2Fwp%2Fv2%2Fmedia&parent=31164"}],"wp:term":[{"taxonomy":"category","embeddable":true,"href":"https:\/\/encuentroinformativo.com.mx\/index.php?rest_route=%2Fwp%2Fv2%2Fcategories&post=31164"},{"taxonomy":"post_tag","embeddable":true,"href":"https:\/\/encuentroinformativo.com.mx\/index.php?rest_route=%2Fwp%2Fv2%2Ftags&post=31164"}],"curies":[{"name":"wp","href":"https:\/\/api.w.org\/{rel}","templated":true}]}}