{"id":31167,"date":"2022-08-31T13:11:24","date_gmt":"2022-08-31T18:11:24","guid":{"rendered":"https:\/\/encuentroinformativo.com.mx\/?p=31167"},"modified":"2022-08-31T13:11:28","modified_gmt":"2022-08-31T18:11:28","slug":"aparatoso-accidente-en-paso-del-toro-cuantiosos-danos-materiales","status":"publish","type":"post","link":"https:\/\/encuentroinformativo.com.mx\/?p=31167","title":{"rendered":"Aparatoso accidente en Paso del Toro, cuantiosos da\u00f1os materiales"},"content":{"rendered":"\n<p><strong>Alejandro \u00c1vila<\/strong><\/p>\n\n\n\n<p>Medell\u00edn de Bravo, Ver.- Un aparatoso accidente se registr\u00f3 la noche de este martes en la carretera federal 180, en el tramo Paso del Toro &#8211; La Tinaja, el cual dej\u00f3 cuantiosos da\u00f1os materiales y una persona lesionada.<\/p>\n\n\n\n<p>Los hechos ocurrieron espec\u00edficamente en el kil\u00f3metro 96.5 a la altura de la localidad El Copital, metros antes de una gasolinera.<\/p>\n\n\n\n<p>De acuerdo al reporte, un veh\u00edculo de color rojo impact\u00f3 por alcance a una camioneta gris, la cual a su vez choc\u00f3 a un tercer veh\u00edculo, dejando la circulaci\u00f3n obstruida, tras ocupar, por el incidente, ambos carriles.<\/p>\n\n\n\n<p>La peor parte se la llev\u00f3 una mujer identificada como Guadalupe S. J. de 51 a\u00f1os de edad originaria de Orizaba, quien result\u00f3 con fractura en ambos tobillos as\u00ed como en la mu\u00f1eca derecha, adem\u00e1s de otros golpes.<\/p>\n\n\n\n<p>T\u00e9cnicos en urgencias m\u00e9dicas pertenecientes a Protecci\u00f3n Civil de Medell\u00edn de Bravo fueron quienes se desplazaron hasta el lugar para brindarle el servicio m\u00e9dico a las personas involucradas.<\/p>\n\n\n\n<p>La persona lesionada fue trasladada a las instalaciones del Hospital Regional de Alta Especialidad de Veracruz, mientras que el resto solo se llev\u00f3 algunos golpes contusos para su fortuna.<\/p>\n\n\n\n<p>Personal de la Guardia Nacional Divisi\u00f3n Caminos abander\u00f3 el sitio y realiz\u00f3 las diligencias pertinentes para ordenar el retiro de las unidades involucradas y as\u00ed deslindar responsabilidades.<\/p>\n\n\n\n<figure class=\"wp-block-image size-large\"><img loading=\"lazy\" decoding=\"async\" width=\"1024\" height=\"576\" src=\"https:\/\/encuentroinformativo.com.mx\/wp-content\/uploads\/2022\/08\/B2E54EAE-E4A4-42CD-ACC2-AB6D7F770143-1024x576.jpeg\" alt=\"\" class=\"wp-image-31169\" srcset=\"https:\/\/encuentroinformativo.com.mx\/wp-content\/uploads\/2022\/08\/B2E54EAE-E4A4-42CD-ACC2-AB6D7F770143-1024x576.jpeg 1024w, https:\/\/encuentroinformativo.com.mx\/wp-content\/uploads\/2022\/08\/B2E54EAE-E4A4-42CD-ACC2-AB6D7F770143-300x169.jpeg 300w, https:\/\/encuentroinformativo.com.mx\/wp-content\/uploads\/2022\/08\/B2E54EAE-E4A4-42CD-ACC2-AB6D7F770143-768x432.jpeg 768w, https:\/\/encuentroinformativo.com.mx\/wp-content\/uploads\/2022\/08\/B2E54EAE-E4A4-42CD-ACC2-AB6D7F770143-1536x864.jpeg 1536w, https:\/\/encuentroinformativo.com.mx\/wp-content\/uploads\/2022\/08\/B2E54EAE-E4A4-42CD-ACC2-AB6D7F770143.jpeg 1599w\" sizes=\"auto, (max-width: 1024px) 100vw, 1024px\" \/><\/figure>\n","protected":false},"excerpt":{"rendered":"<p>Alejandro \u00c1vila Medell\u00edn de Bravo, Ver.- Un aparatoso accidente se registr\u00f3 la noche de este martes en la carretera federal 180, en el tramo Paso del Toro &#8211; La Tinaja, el cual dej\u00f3 cuantiosos da\u00f1os materiales y una persona lesionada. Los hechos ocurrieron espec\u00edficamente en el kil\u00f3metro 96.5 a la altura de la localidad El [&hellip;]<\/p>\n","protected":false},"author":1,"featured_media":31168,"comment_status":"open","ping_status":"open","sticky":false,"template":"","format":"standard","meta":{"_jetpack_memberships_contains_paid_content":false,"footnotes":""},"categories":[14],"tags":[],"class_list":["post-31167","post","type-post","status-publish","format-standard","has-post-thumbnail","hentry","category-policiaca"],"jetpack_featured_media_url":"https:\/\/encuentroinformativo.com.mx\/wp-content\/uploads\/2022\/08\/D999DD63-B4D5-4B9F-AA1A-7EBDC59780D2.jpeg","jetpack_sharing_enabled":true,"jetpack_likes_enabled":true,"amp_enabled":true,"_links":{"self":[{"href":"https:\/\/encuentroinformativo.com.mx\/index.php?rest_route=\/wp\/v2\/posts\/31167","targetHints":{"allow":["GET"]}}],"collection":[{"href":"https:\/\/encuentroinformativo.com.mx\/index.php?rest_route=\/wp\/v2\/posts"}],"about":[{"href":"https:\/\/encuentroinformativo.com.mx\/index.php?rest_route=\/wp\/v2\/types\/post"}],"author":[{"embeddable":true,"href":"https:\/\/encuentroinformativo.com.mx\/index.php?rest_route=\/wp\/v2\/users\/1"}],"replies":[{"embeddable":true,"href":"https:\/\/encuentroinformativo.com.mx\/index.php?rest_route=%2Fwp%2Fv2%2Fcomments&post=31167"}],"version-history":[{"count":1,"href":"https:\/\/encuentroinformativo.com.mx\/index.php?rest_route=\/wp\/v2\/posts\/31167\/revisions"}],"predecessor-version":[{"id":31170,"href":"https:\/\/encuentroinformativo.com.mx\/index.php?rest_route=\/wp\/v2\/posts\/31167\/revisions\/31170"}],"wp:featuredmedia":[{"embeddable":true,"href":"https:\/\/encuentroinformativo.com.mx\/index.php?rest_route=\/wp\/v2\/media\/31168"}],"wp:attachment":[{"href":"https:\/\/encuentroinformativo.com.mx\/index.php?rest_route=%2Fwp%2Fv2%2Fmedia&parent=31167"}],"wp:term":[{"taxonomy":"category","embeddable":true,"href":"https:\/\/encuentroinformativo.com.mx\/index.php?rest_route=%2Fwp%2Fv2%2Fcategories&post=31167"},{"taxonomy":"post_tag","embeddable":true,"href":"https:\/\/encuentroinformativo.com.mx\/index.php?rest_route=%2Fwp%2Fv2%2Ftags&post=31167"}],"curies":[{"name":"wp","href":"https:\/\/api.w.org\/{rel}","templated":true}]}}