{"id":31171,"date":"2022-08-31T14:07:43","date_gmt":"2022-08-31T19:07:43","guid":{"rendered":"https:\/\/encuentroinformativo.com.mx\/?p=31171"},"modified":"2022-08-31T14:07:47","modified_gmt":"2022-08-31T19:07:47","slug":"cerca-de-bloqueo-se-incendio-vehiculo","status":"publish","type":"post","link":"https:\/\/encuentroinformativo.com.mx\/?p=31171","title":{"rendered":"Cerca de bloqueo, se incendi\u00f3 veh\u00edculo"},"content":{"rendered":"\n<p><strong>Juan Arcos <\/strong><\/p>\n\n\n\n<p>Emiliano Zapata, Ver.- Un veh\u00edculo particular se incendi\u00f3 sobre la carretera federal Xalapa-Veracruz, a la altura de la localidad Dos R\u00edos, durante la protesta de habitantes del municipio de Emiliano Zapata que exigen la cancelaci\u00f3n de concesiones para evitar la extracci\u00f3n de agua subterr\u00e1nea.<\/p>\n\n\n\n<p>Se trata de un veh\u00edculo Nissan-Tsuru, color vino, modelo 1992, que presuntamente registr\u00f3 un corto circuito, lo que gener\u00f3 el siniestro.<\/p>\n\n\n\n<p>En la unidad viajaba una familia: los pap\u00e1s y sus tres hijos menores de edad, dos ni\u00f1os y una ni\u00f1a, quienes salieron del veh\u00edculo a tiempo y resultaron ilesos.<\/p>\n\n\n\n<p>La familia es procedente de C\u00e1rdenas, estado de Tabasco, y viaj\u00f3 desde ese lugar hasta la ciudad de Xalapa durante el fin de semana para visitar a sus parientes.<\/p>\n\n\n\n<p>Este mi\u00e9rcoles se dirig\u00edan a la entidad vecina pero se quedaron atorados en la fila de veh\u00edculos durante m\u00e1s de hora y media, debido al bloqueo carretero en el municipio de Emiliano Zapata.<\/p>\n\n\n\n<p>De acuerdo con el due\u00f1o del veh\u00edculo, Iv\u00e1n Rueda C\u00f3rdoba, el autom\u00f3vil comenz\u00f3 a sacar humo en la parte del cofre y, por ello, \u00e9l y su familia decidieron salir de la unidad.<\/p>\n\n\n\n<p>\u201cVen\u00edamos de Xalapa, empez\u00f3 a echar humo, pero fue por estar parado aqu\u00ed mucho tiempo, pero chequ\u00e9 bien el auto, pas\u00e9 a llenar el tanque de gasolina\u201d, relat\u00f3.<\/p>\n\n\n\n<p>Al sitio acudieron elementos de Protecci\u00f3n Civil de Emiliano Zapata para sofocar el fuego y auxiliar a los pasajeros.<\/p>\n\n\n\n<p>El incidente no pas\u00f3 a mayores y la familia esperar\u00eda a que los restos del veh\u00edculo fuesen trasladados a un corral\u00f3n con una gr\u00faa.<\/p>\n\n\n\n<figure class=\"wp-block-image size-large\"><img loading=\"lazy\" decoding=\"async\" width=\"1024\" height=\"576\" src=\"https:\/\/encuentroinformativo.com.mx\/wp-content\/uploads\/2022\/08\/4A27CF9D-5DEA-41C8-B7B6-FD86344C828C-1024x576.jpeg\" alt=\"\" class=\"wp-image-31173\" srcset=\"https:\/\/encuentroinformativo.com.mx\/wp-content\/uploads\/2022\/08\/4A27CF9D-5DEA-41C8-B7B6-FD86344C828C-1024x576.jpeg 1024w, https:\/\/encuentroinformativo.com.mx\/wp-content\/uploads\/2022\/08\/4A27CF9D-5DEA-41C8-B7B6-FD86344C828C-300x169.jpeg 300w, https:\/\/encuentroinformativo.com.mx\/wp-content\/uploads\/2022\/08\/4A27CF9D-5DEA-41C8-B7B6-FD86344C828C-768x432.jpeg 768w, https:\/\/encuentroinformativo.com.mx\/wp-content\/uploads\/2022\/08\/4A27CF9D-5DEA-41C8-B7B6-FD86344C828C-1536x864.jpeg 1536w, https:\/\/encuentroinformativo.com.mx\/wp-content\/uploads\/2022\/08\/4A27CF9D-5DEA-41C8-B7B6-FD86344C828C.jpeg 1760w\" sizes=\"auto, (max-width: 1024px) 100vw, 1024px\" \/><\/figure>\n","protected":false},"excerpt":{"rendered":"<p>Juan Arcos Emiliano Zapata, Ver.- Un veh\u00edculo particular se incendi\u00f3 sobre la carretera federal Xalapa-Veracruz, a la altura de la localidad Dos R\u00edos, durante la protesta de habitantes del municipio de Emiliano Zapata que exigen la cancelaci\u00f3n de concesiones para evitar la extracci\u00f3n de agua subterr\u00e1nea. Se trata de un veh\u00edculo Nissan-Tsuru, color vino, modelo [&hellip;]<\/p>\n","protected":false},"author":1,"featured_media":31172,"comment_status":"open","ping_status":"open","sticky":false,"template":"","format":"standard","meta":{"_jetpack_memberships_contains_paid_content":false,"footnotes":""},"categories":[8],"tags":[],"class_list":["post-31171","post","type-post","status-publish","format-standard","has-post-thumbnail","hentry","category-region"],"jetpack_featured_media_url":"https:\/\/encuentroinformativo.com.mx\/wp-content\/uploads\/2022\/08\/F93CB4DE-304C-403F-94E8-C7019E609C4F.jpeg","jetpack_sharing_enabled":true,"jetpack_likes_enabled":true,"amp_enabled":true,"_links":{"self":[{"href":"https:\/\/encuentroinformativo.com.mx\/index.php?rest_route=\/wp\/v2\/posts\/31171","targetHints":{"allow":["GET"]}}],"collection":[{"href":"https:\/\/encuentroinformativo.com.mx\/index.php?rest_route=\/wp\/v2\/posts"}],"about":[{"href":"https:\/\/encuentroinformativo.com.mx\/index.php?rest_route=\/wp\/v2\/types\/post"}],"author":[{"embeddable":true,"href":"https:\/\/encuentroinformativo.com.mx\/index.php?rest_route=\/wp\/v2\/users\/1"}],"replies":[{"embeddable":true,"href":"https:\/\/encuentroinformativo.com.mx\/index.php?rest_route=%2Fwp%2Fv2%2Fcomments&post=31171"}],"version-history":[{"count":1,"href":"https:\/\/encuentroinformativo.com.mx\/index.php?rest_route=\/wp\/v2\/posts\/31171\/revisions"}],"predecessor-version":[{"id":31174,"href":"https:\/\/encuentroinformativo.com.mx\/index.php?rest_route=\/wp\/v2\/posts\/31171\/revisions\/31174"}],"wp:featuredmedia":[{"embeddable":true,"href":"https:\/\/encuentroinformativo.com.mx\/index.php?rest_route=\/wp\/v2\/media\/31172"}],"wp:attachment":[{"href":"https:\/\/encuentroinformativo.com.mx\/index.php?rest_route=%2Fwp%2Fv2%2Fmedia&parent=31171"}],"wp:term":[{"taxonomy":"category","embeddable":true,"href":"https:\/\/encuentroinformativo.com.mx\/index.php?rest_route=%2Fwp%2Fv2%2Fcategories&post=31171"},{"taxonomy":"post_tag","embeddable":true,"href":"https:\/\/encuentroinformativo.com.mx\/index.php?rest_route=%2Fwp%2Fv2%2Ftags&post=31171"}],"curies":[{"name":"wp","href":"https:\/\/api.w.org\/{rel}","templated":true}]}}