{"id":31178,"date":"2022-08-31T14:16:20","date_gmt":"2022-08-31T19:16:20","guid":{"rendered":"https:\/\/encuentroinformativo.com.mx\/?p=31178"},"modified":"2022-08-31T14:16:24","modified_gmt":"2022-08-31T19:16:24","slug":"culpa-gobernador-a-ex-candidato-de-bloqueos-en-emiliano-zapata","status":"publish","type":"post","link":"https:\/\/encuentroinformativo.com.mx\/?p=31178","title":{"rendered":"Culpa Gobernador a ex candidato de bloqueos en Emiliano Zapata"},"content":{"rendered":"\n<p><strong>Dar\u00edo Pale<\/strong><\/p>\n\n\n\n<p>Xalapa, Ver.- El gobernador del estado Cuitl\u00e1huac Garc\u00eda Jim\u00e9nez, denunci\u00f3 al excandidato del PRI a la alcald\u00eda de Emiliano Zapata, Renato Alarc\u00f3n, y al exalcalde del PAN, Adri\u00e1n V\u00e1squez de estar detr\u00e1s del bloqueo a la carretera federal, en sus dos carriles, Xalapa-Veracruz, frente al palacio municipal en Dos R\u00edos.<\/p>\n\n\n\n<p>En conferencia de prensa se\u00f1al\u00f3 que el inter\u00e9s del pri\u00edsta, es pol\u00edtico y econ\u00f3mico, toda vez que el desarrollo de casas le afectar\u00eda a sus terrenos en la dotaci\u00f3n de agua, por lo que exigen que se cancele la concesi\u00f3n de agua al grupo Carp\u00edn para extraer agua a trav\u00e9s de la perforaci\u00f3n de pozos, en la comunidad de El Chico.<\/p>\n\n\n\n<p>&#8220;Ah\u00ed est\u00e1n el PRI y el PAN y est\u00e1n detr\u00e1s de eso, ya se les aclar\u00f3, ya se les dijo, vamos a revisarlo, adelante, se les ofreci\u00f3 hacer un an\u00e1lisis t\u00e9cnico, jur\u00eddico, procedimental, entonces por qu\u00e9 la cerraz\u00f3n, por qu\u00e9 no quieren hacer la revisi\u00f3n, quiere decir que no les interesa eso&#8221;, se\u00f1al\u00f3.<\/p>\n\n\n\n<p>Dijo que el principal orquestador de est\u00e1 manifestaci\u00f3n que tiene ya varias horas y cientos de veh\u00edculos parados, es Renato Alarc\u00f3n, excandidato DEL PRI al municipio de Emiliano Zapata.<\/p>\n\n\n\n<p>&#8220;No es por los pobladores de Emiliano Zapata (el bloqueo), es un grupo que lo encabeza Renato Alarc\u00f3n, excandidato a la alcald\u00eda de Emiliano Zapata porque tiene en colindancia unos terrenos con este desarrollo y \u00e9l est\u00e1 inconforme con eso&#8221;, coment\u00f3.<\/p>\n\n\n\n<p>&#8220;Es una persona que no quiere ese desarrollo que colinda con su rancho que es enorme y como no ll quiere est\u00e1 buscando los pretextos&#8221;, agrego.<\/p>\n\n\n\n<p>En ese sentido, precis\u00f3 que por parte de gobierno del estado se ofreci\u00f3 \u00a0revisar \u00a0esos convenios en CONAGUA.<\/p>\n\n\n\n<p>&#8220;Se cit\u00f3 a una mesas de di\u00e1logo y en la segunda mesa ya no quisieron asistir. Hoy se ofreci\u00f3 esa mesa y la rechazaron&#8221;, se\u00f1al\u00f3.<\/p>\n\n\n\n<p>En ese sentido, se\u00f1al\u00f3 que detr\u00e1s de la movilizaci\u00f3n de la gente hay un inter\u00e9s pol\u00edtico o de alg\u00fan inter\u00e9s personal.<\/p>\n\n\n\n<p>&#8220;Es Renato Alarc\u00f3n, no es representante de comunidades, es el excandidato del PRI a la alcald\u00eda de Emiliano Zapata y que tiene un rancho enorme que colinda con el desarrollo y yo creo que entr\u00f3 en conflicto con los desarrolladores y busc\u00f3 la manera de azuzar a la gente&#8221;, se\u00f1al\u00f3.<\/p>\n\n\n\n<p>Garc\u00eda Jim\u00e9nez consider\u00f3 que la gente no debi\u00f3 cerrar la v\u00eda de comunicaci\u00f3n federal, toda vez que han ofrecido di\u00e1logo y hay apertura, asegur\u00f3 que en el bloqueo se encontraba el exalcalde panista de Emiliano Zapata, Adri\u00e1n V\u00e1zquez.<\/p>\n\n\n\n<p>&#8220;Ya est\u00e1 ah\u00ed un dirigente del PAN tambi\u00e9n, para que vean como hay un trasfondo pol\u00edtico. Se trata de Adri\u00e1n V\u00e1zquez, exalcalde de 2005 al 2007&#8221;, acus\u00f3.<\/p>\n\n\n\n<p>&#8220;Nada m\u00e1s para que vean que detr\u00e1s est\u00e1 la mano de estos personajes. Se comportan igual PRI y PAN y no les interesa interrumpir una v\u00eda federal, a sabiendas de que no se puede modificar una concesi\u00f3n de la noche a la ma\u00f1ana&#8221;, sostuvo.<\/p>\n\n\n\n<p>Reconoci\u00f3 que el tema no puede resolverse de un d\u00eda para otro, toda vez que se trata de una concesi\u00f3n que se dio en otras administraciones, adem\u00e1s de los permisos de construcci\u00f3n que no se dieron en la actual, ni municipal ni federal.<\/p>\n\n\n\n<p>Finalmente dio a conocer que el ofrecimiento de su administraci\u00f3n es que se revise la concesi\u00f3n, pero reiter\u00f3 que los interesados no llegaron a la mesa de di\u00e1logo.<\/p>\n","protected":false},"excerpt":{"rendered":"<p>Dar\u00edo Pale Xalapa, Ver.- El gobernador del estado Cuitl\u00e1huac Garc\u00eda Jim\u00e9nez, denunci\u00f3 al excandidato del PRI a la alcald\u00eda de Emiliano Zapata, Renato Alarc\u00f3n, y al exalcalde del PAN, Adri\u00e1n V\u00e1squez de estar detr\u00e1s del bloqueo a la carretera federal, en sus dos carriles, Xalapa-Veracruz, frente al palacio municipal en Dos R\u00edos. En conferencia de [&hellip;]<\/p>\n","protected":false},"author":1,"featured_media":31179,"comment_status":"open","ping_status":"open","sticky":false,"template":"","format":"standard","meta":{"_jetpack_memberships_contains_paid_content":false,"footnotes":""},"categories":[2],"tags":[],"class_list":["post-31178","post","type-post","status-publish","format-standard","has-post-thumbnail","hentry","category-estado"],"jetpack_featured_media_url":"https:\/\/encuentroinformativo.com.mx\/wp-content\/uploads\/2022\/08\/3E30F4E4-3979-4FA5-A775-32368025D428.jpeg","jetpack_sharing_enabled":true,"jetpack_likes_enabled":true,"amp_enabled":true,"_links":{"self":[{"href":"https:\/\/encuentroinformativo.com.mx\/index.php?rest_route=\/wp\/v2\/posts\/31178","targetHints":{"allow":["GET"]}}],"collection":[{"href":"https:\/\/encuentroinformativo.com.mx\/index.php?rest_route=\/wp\/v2\/posts"}],"about":[{"href":"https:\/\/encuentroinformativo.com.mx\/index.php?rest_route=\/wp\/v2\/types\/post"}],"author":[{"embeddable":true,"href":"https:\/\/encuentroinformativo.com.mx\/index.php?rest_route=\/wp\/v2\/users\/1"}],"replies":[{"embeddable":true,"href":"https:\/\/encuentroinformativo.com.mx\/index.php?rest_route=%2Fwp%2Fv2%2Fcomments&post=31178"}],"version-history":[{"count":1,"href":"https:\/\/encuentroinformativo.com.mx\/index.php?rest_route=\/wp\/v2\/posts\/31178\/revisions"}],"predecessor-version":[{"id":31180,"href":"https:\/\/encuentroinformativo.com.mx\/index.php?rest_route=\/wp\/v2\/posts\/31178\/revisions\/31180"}],"wp:featuredmedia":[{"embeddable":true,"href":"https:\/\/encuentroinformativo.com.mx\/index.php?rest_route=\/wp\/v2\/media\/31179"}],"wp:attachment":[{"href":"https:\/\/encuentroinformativo.com.mx\/index.php?rest_route=%2Fwp%2Fv2%2Fmedia&parent=31178"}],"wp:term":[{"taxonomy":"category","embeddable":true,"href":"https:\/\/encuentroinformativo.com.mx\/index.php?rest_route=%2Fwp%2Fv2%2Fcategories&post=31178"},{"taxonomy":"post_tag","embeddable":true,"href":"https:\/\/encuentroinformativo.com.mx\/index.php?rest_route=%2Fwp%2Fv2%2Ftags&post=31178"}],"curies":[{"name":"wp","href":"https:\/\/api.w.org\/{rel}","templated":true}]}}