{"id":31184,"date":"2022-08-31T18:24:39","date_gmt":"2022-08-31T23:24:39","guid":{"rendered":"https:\/\/encuentroinformativo.com.mx\/?p=31184"},"modified":"2022-08-31T18:24:43","modified_gmt":"2022-08-31T23:24:43","slug":"despues-de-su-abandono-rescata-alcalde-jm-unanue-las-cinco-guarderias-boquenitos","status":"publish","type":"post","link":"https:\/\/encuentroinformativo.com.mx\/?p=31184","title":{"rendered":"Despu\u00e9s de su abandono, rescata Alcalde JM Un\u00e1nue las cinco guarder\u00edas Boque\u00f1itos"},"content":{"rendered":"\n<p><strong>*<em>Se realiz\u00f3 una inversi\u00f3n superior a los tres millones de pesos en la rehabilitaci\u00f3n integral y equipamiento de cuatro kinders y tres guarder\u00edas<\/em>.<\/strong><\/p>\n\n\n\n<p>Boca del R\u00edo, Ver.- \u201cComo lo prometimos, compromiso cumplido\u201d, este mi\u00e9rcoles el Alcalde de Boca del R\u00edo, Juan Manuel Un\u00e1nue Abascal, entreg\u00f3 la rehabilitaci\u00f3n integral del Centro Asistencial de Desarrollo Infantil (CADI), Centro de Asistencia Infantil Comunitario (CAIC) y la Guarder\u00eda Boque\u00f1itos Carranza.<\/p>\n\n\n\n<p>\u201cEstos inmuebles estaban totalmente en ruinas, decidimos poner manos a la obra, hab\u00eda basura, escombros, deshechos; se empez\u00f3 con la limpieza y la reconstrucci\u00f3n de cada uno de ellos, a equiparlos, adem\u00e1s de adquirir material did\u00e1ctico, aires acondicionados e instalaci\u00f3n el\u00e9ctrica\u201d.<\/p>\n\n\n\n<p>Por ello, el Ayuntamiento de Boca del R\u00edo realiz\u00f3 una inversi\u00f3n superior a los tres millones de pesos en la rehabilitaci\u00f3n integral y equipamiento de cuatro kinders y tres guarder\u00edas.<\/p>\n\n\n\n<p>\u201cHay much\u00edsimas mujeres trabajadoras y, por otro lado, hay madres solteras que son jefas de familia, \u00bfy qu\u00e9 hac\u00eda falta?, un lugar seguro, c\u00e1lido, donde sus hijos estuvieran estudiando y bien cuidados\u201d, enfatiz\u00f3 Un\u00e1nue Abascal.<\/p>\n\n\n\n<p>Entre las instalaciones que se encuentran en la colonia Carranza, Las Vegas II, Villa Rica, San Jos\u00e9 Novillero y Miguel Alem\u00e1n, se atender\u00e1n a 350 ni\u00f1as y ni\u00f1os, aument\u00e1ndose la capacidad de acuerdo a las adecuaciones que se realizaron a los inmuebles.<\/p>\n\n\n\n<p>El Presidente Municipal de Boca del R\u00edo, inform\u00f3, por ejemplo, que en la Guarder\u00eda Boque\u00f1itos Carranza, se hizo una rampa de acceso para personas con discapacidad, se instal\u00f3 se\u00f1alizaci\u00f3n, se pintaron m\u00e1s de 300 metros cuadrados de muro y 521 metros cuadrados en aulas.<\/p>\n\n\n\n<p>Se impermeabiliz\u00f3, y se cambi\u00f3 en su totalidad la instalaci\u00f3n el\u00e9ctrica, adem\u00e1s se colocaron nuevas luminarias y seis equipos nuevos de aires acondicionados, d\u00e1ndose mantenimiento a los restantes, se construyeron \u00e1reas verdes, puertas y ventanas nuevas, as\u00ed como protecciones.<\/p>\n\n\n\n<p>Obras similares se realizaron en el CAIC Las Vegas II, donde se construyeron dos rampas para personas con discapacidad, se elev\u00f3 la barda perimetral, se pintaron casi mil metros cuadrados en las aulas, se realiz\u00f3 impermeabilizaci\u00f3n, instalaci\u00f3n de un tanque estacionario, puertas y ventanas nuevas de aluminio y protecciones nuevas.<\/p>\n\n\n\n<p>En el CAIC San Jos\u00e9 Novillero, se impermeabiliz\u00f3, se podaron \u00e1reas verdes, se colocaron puertas y ventanas de aluminio, se pintaron cerca de 300 metros cuadrados en las aulas, se cambi\u00f3 la instalaci\u00f3n el\u00e9ctrica y luminarias.<\/p>\n\n\n\n<p>Por su parte en el CAIC Villa Rica, se construyeron rampas de acceso para personas con discapacidad, se elev\u00f3 el muro perimetral, se pintaron en su totalidad las aulas, de igual manera se impermeabiliz\u00f3, se repar\u00f3 la bomba de agua, se rehabilit\u00f3 el tinaco elevado, se colocaron dos equipos nuevos de aire acondicionado, se rehabilit\u00f3 y pint\u00f3 el domo, adem\u00e1s de mejorar la instalaci\u00f3n el\u00e9ctrica.<\/p>\n\n\n\n<p>CAIC Miguel Alem\u00e1n, se construy\u00f3 un \u00e1rea de ba\u00f1os y una bodega, se construy\u00f3 un firme de concreto, se instalaron rampas de acceso, equipos nuevos de aire acondicionado, se restaur\u00f3 el domo, as\u00ed como la herrer\u00eda de la entrada principal del port\u00f3n, adem\u00e1s de puertas y ventanas de aluminio.<\/p>\n\n\n\n<p>\u201cSe instruy\u00f3 a las direcciones de Mantenimiento Urbano, as\u00ed como a la Direcci\u00f3n de Obra P\u00fablica, para que, en un l\u00edmite de tiempo, tuvieran lista la rehabilitaci\u00f3n, por que los ni\u00f1os ten\u00edan que retornar a estas instalaciones\u201d, resalt\u00f3 el Ejecutivo Municipal.<\/p>\n\n\n\n<p>Por su parte, la Presidenta del DIF Municipal de Boca del R\u00edo, Melina Rivera de Un\u00e1nue, dijo que muchas personas se acercaban al DIF a preguntar, si ser\u00eda posible en alg\u00fan momento volverlos a abrir, pero que al recorrerlos, notaron su deterioro total.<\/p>\n\n\n\n<p>\u201cFue un esfuerzo muy grande para que muchas personas se vieran beneficiadas, hoy sepan que sus hijas e hijos van a estar en muy buenas manos, los vamos a cuidar con todo nuestro coraz\u00f3n, hoy Boque\u00f1itos es una realidad, CADI\u00b4s y los CAIC\u00b4s ya est\u00e1n dispuestos para ustedes; gracias por confiar en nosotros que<br>desde el DIF de Boca del R\u00edo seguiremos trabajando con el coraz\u00f3n\u201d.<\/p>\n\n\n\n<p>Finalmente el Alcalde de Boca del R\u00edo, agreg\u00f3 que 45 maestras y ni\u00f1eras, ya est\u00e1n listas para recibir el pr\u00f3ximo lunes a las boque\u00f1itas y boque\u00f1itos.<\/p>\n\n\n\n<figure class=\"wp-block-image size-large\"><img loading=\"lazy\" decoding=\"async\" width=\"1024\" height=\"683\" src=\"https:\/\/encuentroinformativo.com.mx\/wp-content\/uploads\/2022\/08\/69059D7B-E8C5-4827-9187-104C0CBC6894.jpeg\" alt=\"\" class=\"wp-image-31186\" srcset=\"https:\/\/encuentroinformativo.com.mx\/wp-content\/uploads\/2022\/08\/69059D7B-E8C5-4827-9187-104C0CBC6894.jpeg 1024w, https:\/\/encuentroinformativo.com.mx\/wp-content\/uploads\/2022\/08\/69059D7B-E8C5-4827-9187-104C0CBC6894-300x200.jpeg 300w, https:\/\/encuentroinformativo.com.mx\/wp-content\/uploads\/2022\/08\/69059D7B-E8C5-4827-9187-104C0CBC6894-768x512.jpeg 768w\" sizes=\"auto, (max-width: 1024px) 100vw, 1024px\" \/><\/figure>\n","protected":false},"excerpt":{"rendered":"<p>*Se realiz\u00f3 una inversi\u00f3n superior a los tres millones de pesos en la rehabilitaci\u00f3n integral y equipamiento de cuatro kinders y tres guarder\u00edas. Boca del R\u00edo, Ver.- \u201cComo lo prometimos, compromiso cumplido\u201d, este mi\u00e9rcoles el Alcalde de Boca del R\u00edo, Juan Manuel Un\u00e1nue Abascal, entreg\u00f3 la rehabilitaci\u00f3n integral del Centro Asistencial de Desarrollo Infantil (CADI), [&hellip;]<\/p>\n","protected":false},"author":1,"featured_media":31185,"comment_status":"open","ping_status":"open","sticky":false,"template":"","format":"standard","meta":{"_jetpack_memberships_contains_paid_content":false,"footnotes":""},"categories":[2],"tags":[],"class_list":["post-31184","post","type-post","status-publish","format-standard","has-post-thumbnail","hentry","category-estado"],"jetpack_featured_media_url":"https:\/\/encuentroinformativo.com.mx\/wp-content\/uploads\/2022\/08\/BA44B2A1-CF15-4E39-A7F5-AE43E91BC77B.jpeg","jetpack_sharing_enabled":true,"jetpack_likes_enabled":true,"amp_enabled":true,"_links":{"self":[{"href":"https:\/\/encuentroinformativo.com.mx\/index.php?rest_route=\/wp\/v2\/posts\/31184","targetHints":{"allow":["GET"]}}],"collection":[{"href":"https:\/\/encuentroinformativo.com.mx\/index.php?rest_route=\/wp\/v2\/posts"}],"about":[{"href":"https:\/\/encuentroinformativo.com.mx\/index.php?rest_route=\/wp\/v2\/types\/post"}],"author":[{"embeddable":true,"href":"https:\/\/encuentroinformativo.com.mx\/index.php?rest_route=\/wp\/v2\/users\/1"}],"replies":[{"embeddable":true,"href":"https:\/\/encuentroinformativo.com.mx\/index.php?rest_route=%2Fwp%2Fv2%2Fcomments&post=31184"}],"version-history":[{"count":1,"href":"https:\/\/encuentroinformativo.com.mx\/index.php?rest_route=\/wp\/v2\/posts\/31184\/revisions"}],"predecessor-version":[{"id":31187,"href":"https:\/\/encuentroinformativo.com.mx\/index.php?rest_route=\/wp\/v2\/posts\/31184\/revisions\/31187"}],"wp:featuredmedia":[{"embeddable":true,"href":"https:\/\/encuentroinformativo.com.mx\/index.php?rest_route=\/wp\/v2\/media\/31185"}],"wp:attachment":[{"href":"https:\/\/encuentroinformativo.com.mx\/index.php?rest_route=%2Fwp%2Fv2%2Fmedia&parent=31184"}],"wp:term":[{"taxonomy":"category","embeddable":true,"href":"https:\/\/encuentroinformativo.com.mx\/index.php?rest_route=%2Fwp%2Fv2%2Fcategories&post=31184"},{"taxonomy":"post_tag","embeddable":true,"href":"https:\/\/encuentroinformativo.com.mx\/index.php?rest_route=%2Fwp%2Fv2%2Ftags&post=31184"}],"curies":[{"name":"wp","href":"https:\/\/api.w.org\/{rel}","templated":true}]}}