{"id":31188,"date":"2022-09-01T09:13:51","date_gmt":"2022-09-01T14:13:51","guid":{"rendered":"https:\/\/encuentroinformativo.com.mx\/?p=31188"},"modified":"2022-09-01T09:13:54","modified_gmt":"2022-09-01T14:13:54","slug":"erick-luna-y-cuic","status":"publish","type":"post","link":"https:\/\/encuentroinformativo.com.mx\/?p=31188","title":{"rendered":"Erick, Luna y Cuic"},"content":{"rendered":"\n<p><strong>Los Pol\u00edticos<\/strong><\/p>\n\n\n\n<p><strong>Salvador Mu\u00f1oz<\/strong><\/p>\n\n\n\n<p>Si Renato Alarc\u00f3n tuviera el poder de convocatoria en 23 comunidades, como le concede el Gober Cuic, las elecciones hubieran sido otro cantar\u2026 \u00a1a menos que le hayan robado la presidencia municipal al pri\u00edsta de El Chico!<\/p>\n\n\n\n<p>S\u00ed, es evidente que en esta manifestaci\u00f3n que se suscit\u00f3 ayer en el Palacio Municipal de Emiliano Zapata, hay un inter\u00e9s de por medio: el afecto y cari\u00f1o que le prodiga el Gober Cuic al alcalde de Emiliano Zapata, Erick Ruiz\u2026<\/p>\n\n\n\n<p>Por eso, quiz\u00e1s por eso, sea que la salida m\u00e1s f\u00e1cil para el Gobierno estatal es desacreditar la manifestaci\u00f3n de 23 comunidades de Emiliano Zapata pint\u00e1ndola de \u201cpol\u00edtica\u201d y aprovechando la ausencia de Renato Alarc\u00f3n de Veracruz, quien bajita la mano, ha de tener m\u00e1s de dos meses que atiende otros menesteres fuera del estado.<\/p>\n\n\n\n<p>Por si fuera poco, el Gober Cuic tambi\u00e9n meti\u00f3 en su arg\u00fcende, en su rollo, en sus desvar\u00edos, al ex alcalde de Emiliano Zapata, Adri\u00e1n V\u00e1zquez Mendoza, para que m\u00e1s o menos completara el cuadro: \u00a1PRI y PAN!<\/p>\n\n\n\n<p>La preocupaci\u00f3n de los manifestantes es justa, real, sensible\u2026 no hablan por colores, siglas o partidos\u2026 hablan por ellos, por cada habitante, por cada persona de estas 23 comunidades que entiende lo que cuesta una cubeta de agua, como para que llegue una empresa y le den todas las facilidades para cavar pozos y un d\u00eda, esas 23 comunidades, esas miles de familias, se queden definitivamente sin el vital l\u00edquido.<\/p>\n\n\n\n<p>S\u00f3lo para poner un ejemplo\u2026 Entre esas comunidades, hay grupos, asociaciones civiles, que hacen llegar a sus habitantes tanques de almacenamiento de agua, los famosos Rotoplas\u2026 la demanda por \u00e9stos es alta\u2026 les urge tener un dep\u00f3sito que les garantice tener agua para su aseo, sus alimentos, \u00a1para todo!<\/p>\n\n\n\n<p>Cuitl\u00e1huac, quiz\u00e1s obnubilado por los sentimientos, cierra sus ojos y o\u00eddos a la voz del Pueblo, que cuando le conviene, hay que escucharlo; pero cuando no, entonces \u201chay intereses pol\u00edticos\u201d.<\/p>\n\n\n\n<p>\u00a1Y claro que hay intereses! Est\u00e1n los intereses de 23 comunidades a las que su presidente municipal, Erick Ruiz, jam\u00e1s se atrevi\u00f3 a atenderlos, escucharlos, a darles la cara.<\/p>\n\n\n\n<p>Con justa raz\u00f3n esa gente, ese Pueblo, esa voz, tacha de \u201cIgnorante\u201d al Gobernador porque desde la comodidad de Palacio, haciendo caso a lo que mejor le conviene decir, desacredita una fuerza real, una demanda real\u2026<\/p>\n\n\n\n<p>Quiz\u00e1s el gobernador no aprecie las dimensiones del problema que viven en el vecino municipio\u2026 en un momento dado podr\u00edamos excusarle bajo el argumento de que los sentimientos obnubilan a veces el razonamiento, pero cuando este problema igual se est\u00e1 viviendo en Xalapa, su lugar de nacimiento, y ni idea de qu\u00e9 hacer por su ciudad, cualquier pretexto se viene abajo\u2026<\/p>\n\n\n\n<p>Ya para concluir, hay que recordarle algo al Gober Cuic: Cuando dice que este asunto tiene que verse en Conagua, por supuesto que tiene raz\u00f3n, pero mayor raz\u00f3n tienen los pobladores de estas 23 comunidades cuando exigen a su presidente municipal que d\u00e9 la cara, no por ellos, sino con ellos, porque \u00e9se es su papel: representante popular\u2026 y si es necesario, igual est\u00e1 ah\u00ed el bailar\u00edn diputado local Luis Antonio Luna Rosales\u2026 y si \u00e9stos no lo entienden, ah\u00ed est\u00e1 el Gobernador, que presume tambi\u00e9n de luchador social\u2026 \u00bfnada m\u00e1s su lucha era justa? \u00bfLa de ellos no?<\/p>\n\n\n\n<p>Ojal\u00e1 que esta lucha de 23 comunidades por algo tan vital como es el agua, les refresque la memoria a Erick Ruiz, a Luna Rosales y a Cuic\u2026 est\u00e1n bajo las \u00f3rdenes del Pueblo como ellos tanto lo presumen, no de los intereses de una \u201cempresa neoliberal\u201d\u2026<\/p>\n\n\n\n<p><a href=\"mailto:smcainito@gmail.com\" target=\"_blank\" rel=\"noreferrer noopener\">smcainito@gmail.com<\/a><\/p>\n","protected":false},"excerpt":{"rendered":"<p>Los Pol\u00edticos Salvador Mu\u00f1oz Si Renato Alarc\u00f3n tuviera el poder de convocatoria en 23 comunidades, como le concede el Gober Cuic, las elecciones hubieran sido otro cantar\u2026 \u00a1a menos que le hayan robado la presidencia municipal al pri\u00edsta de El Chico! S\u00ed, es evidente que en esta manifestaci\u00f3n que se suscit\u00f3 ayer en el Palacio [&hellip;]<\/p>\n","protected":false},"author":1,"featured_media":387,"comment_status":"open","ping_status":"open","sticky":false,"template":"","format":"standard","meta":{"_jetpack_memberships_contains_paid_content":false,"footnotes":""},"categories":[11],"tags":[],"class_list":["post-31188","post","type-post","status-publish","format-standard","has-post-thumbnail","hentry","category-opinion"],"jetpack_featured_media_url":"https:\/\/encuentroinformativo.com.mx\/wp-content\/uploads\/2020\/03\/7CF8A22B-2764-47BE-8F7F-38FE9E5D6A2F.jpeg","jetpack_sharing_enabled":true,"jetpack_likes_enabled":true,"amp_enabled":true,"_links":{"self":[{"href":"https:\/\/encuentroinformativo.com.mx\/index.php?rest_route=\/wp\/v2\/posts\/31188","targetHints":{"allow":["GET"]}}],"collection":[{"href":"https:\/\/encuentroinformativo.com.mx\/index.php?rest_route=\/wp\/v2\/posts"}],"about":[{"href":"https:\/\/encuentroinformativo.com.mx\/index.php?rest_route=\/wp\/v2\/types\/post"}],"author":[{"embeddable":true,"href":"https:\/\/encuentroinformativo.com.mx\/index.php?rest_route=\/wp\/v2\/users\/1"}],"replies":[{"embeddable":true,"href":"https:\/\/encuentroinformativo.com.mx\/index.php?rest_route=%2Fwp%2Fv2%2Fcomments&post=31188"}],"version-history":[{"count":1,"href":"https:\/\/encuentroinformativo.com.mx\/index.php?rest_route=\/wp\/v2\/posts\/31188\/revisions"}],"predecessor-version":[{"id":31189,"href":"https:\/\/encuentroinformativo.com.mx\/index.php?rest_route=\/wp\/v2\/posts\/31188\/revisions\/31189"}],"wp:featuredmedia":[{"embeddable":true,"href":"https:\/\/encuentroinformativo.com.mx\/index.php?rest_route=\/wp\/v2\/media\/387"}],"wp:attachment":[{"href":"https:\/\/encuentroinformativo.com.mx\/index.php?rest_route=%2Fwp%2Fv2%2Fmedia&parent=31188"}],"wp:term":[{"taxonomy":"category","embeddable":true,"href":"https:\/\/encuentroinformativo.com.mx\/index.php?rest_route=%2Fwp%2Fv2%2Fcategories&post=31188"},{"taxonomy":"post_tag","embeddable":true,"href":"https:\/\/encuentroinformativo.com.mx\/index.php?rest_route=%2Fwp%2Fv2%2Ftags&post=31188"}],"curies":[{"name":"wp","href":"https:\/\/api.w.org\/{rel}","templated":true}]}}