{"id":31195,"date":"2022-09-01T12:26:03","date_gmt":"2022-09-01T17:26:03","guid":{"rendered":"https:\/\/encuentroinformativo.com.mx\/?p=31195"},"modified":"2022-09-01T12:26:07","modified_gmt":"2022-09-01T17:26:07","slug":"ninos-encadenados-en-boca-del-rio-no-regresaran-con-su-familia","status":"publish","type":"post","link":"https:\/\/encuentroinformativo.com.mx\/?p=31195","title":{"rendered":"Ni\u00f1os encadenados en Boca del R\u00edo no regresar\u00e1n con su familia"},"content":{"rendered":"\n<p><strong>Alejandro \u00c1vila<\/strong><\/p>\n\n\n\n<p>Boca del R\u00edo, Ver.- Los cuatro menores de edad que fueron rescatados de una vivienda en la colonia C\u00e1ndido Aguilar el pasado 22 de julio, tras el reporte de su encadenamiento, no volver\u00e1n con su familia, inform\u00f3 la directora del DIF de Boca del R\u00edo, Yamileth Herrera D\u00edaz.<\/p>\n\n\n\n<p>La funcionaria municipal se\u00f1al\u00f3 que, si bien la Fiscal\u00eda General de Veracruz tiene la \u00faltima palabra, los padres no cuentan con las condiciones necesarias para brindar un ambiente adecuado para su desarrollo.<\/p>\n\n\n\n<p>Herrera D\u00edaz coment\u00f3 qu\u00e9 los peque\u00f1os siguen bajo resguardo del DIF de Boca del R\u00edo, y se encuentran realizando terapia en el Centro de Rehabilitaci\u00f3n Infantil de Veracruz (CRIVER).<\/p>\n\n\n\n<p>&#8220;Al d\u00eda de hoy lo que podr\u00edamos comentar es que los pap\u00e1s no son viables, tanto mam\u00e1 o pap\u00e1, porque s\u00ed hab\u00eda, no tenemos familiar alterno, entonces al parecer s\u00ed va a ser un proceso largo, y los ni\u00f1os van a continuar bajo resguardo (\u2026) hoy se encuentra muy bien, la verdad es que son ni\u00f1os que s\u00ed tienen una discapacidad auditiva, 3 de ellos, y estamos trabajando de la mano y agradecemos tambi\u00e9n al CRIVER, porque es con ellos con los que estamos empezando a hacer todo el tema de terapias&#8221;, puntualiz\u00f3.<\/p>\n\n\n\n<p>La funcionaria municipal en reconoci\u00f3 que, al momento del apercibimiento, los cuatro menores de edad presentaban desnutrici\u00f3n y signos de violencia, adem\u00e1s de una precaria forma de comunicarse.<\/p>\n\n\n\n<p>&#8220;Va a ser muy dif\u00edcil (llevarlos a la escuela), tenemos ni\u00f1os con, obviamente por la discapacidad, tenemos que avanzar mucho en ese tema, no hab\u00eda absolutamente nada, no hab\u00eda simulaci\u00f3n, los dos peque\u00f1os no hablan, mucho trabajo el que se va a hacer con ellos, por el momento la escuela, no va a ser as\u00ed, pero bueno, ya estamos en terapia con todos ellos&#8221;, subray\u00f3.<\/p>\n\n\n\n<p>Aclar\u00f3 que, en caso de que la FGEV sentencie que los padres no son aptos para tener a los menores, en conjunto con el DIF Estatal, se iniciar\u00eda con otro proceso para buscar la adopci\u00f3n de los menores.<\/p>\n","protected":false},"excerpt":{"rendered":"<p>Alejandro \u00c1vila Boca del R\u00edo, Ver.- Los cuatro menores de edad que fueron rescatados de una vivienda en la colonia C\u00e1ndido Aguilar el pasado 22 de julio, tras el reporte de su encadenamiento, no volver\u00e1n con su familia, inform\u00f3 la directora del DIF de Boca del R\u00edo, Yamileth Herrera D\u00edaz. La funcionaria municipal se\u00f1al\u00f3 que, [&hellip;]<\/p>\n","protected":false},"author":1,"featured_media":31196,"comment_status":"open","ping_status":"open","sticky":false,"template":"","format":"standard","meta":{"_jetpack_memberships_contains_paid_content":false,"footnotes":""},"categories":[2],"tags":[],"class_list":["post-31195","post","type-post","status-publish","format-standard","has-post-thumbnail","hentry","category-estado"],"jetpack_featured_media_url":"https:\/\/encuentroinformativo.com.mx\/wp-content\/uploads\/2022\/09\/6468E8F3-561F-47CF-9CD0-032A6AC772C6.jpeg","jetpack_sharing_enabled":true,"jetpack_likes_enabled":true,"amp_enabled":true,"_links":{"self":[{"href":"https:\/\/encuentroinformativo.com.mx\/index.php?rest_route=\/wp\/v2\/posts\/31195","targetHints":{"allow":["GET"]}}],"collection":[{"href":"https:\/\/encuentroinformativo.com.mx\/index.php?rest_route=\/wp\/v2\/posts"}],"about":[{"href":"https:\/\/encuentroinformativo.com.mx\/index.php?rest_route=\/wp\/v2\/types\/post"}],"author":[{"embeddable":true,"href":"https:\/\/encuentroinformativo.com.mx\/index.php?rest_route=\/wp\/v2\/users\/1"}],"replies":[{"embeddable":true,"href":"https:\/\/encuentroinformativo.com.mx\/index.php?rest_route=%2Fwp%2Fv2%2Fcomments&post=31195"}],"version-history":[{"count":1,"href":"https:\/\/encuentroinformativo.com.mx\/index.php?rest_route=\/wp\/v2\/posts\/31195\/revisions"}],"predecessor-version":[{"id":31197,"href":"https:\/\/encuentroinformativo.com.mx\/index.php?rest_route=\/wp\/v2\/posts\/31195\/revisions\/31197"}],"wp:featuredmedia":[{"embeddable":true,"href":"https:\/\/encuentroinformativo.com.mx\/index.php?rest_route=\/wp\/v2\/media\/31196"}],"wp:attachment":[{"href":"https:\/\/encuentroinformativo.com.mx\/index.php?rest_route=%2Fwp%2Fv2%2Fmedia&parent=31195"}],"wp:term":[{"taxonomy":"category","embeddable":true,"href":"https:\/\/encuentroinformativo.com.mx\/index.php?rest_route=%2Fwp%2Fv2%2Fcategories&post=31195"},{"taxonomy":"post_tag","embeddable":true,"href":"https:\/\/encuentroinformativo.com.mx\/index.php?rest_route=%2Fwp%2Fv2%2Ftags&post=31195"}],"curies":[{"name":"wp","href":"https:\/\/api.w.org\/{rel}","templated":true}]}}