{"id":31198,"date":"2022-09-01T12:44:35","date_gmt":"2022-09-01T17:44:35","guid":{"rendered":"https:\/\/encuentroinformativo.com.mx\/?p=31198"},"modified":"2022-09-01T12:44:38","modified_gmt":"2022-09-01T17:44:38","slug":"bloquean-coatepec-las-trancas-reclaman-reparacion-de-puente","status":"publish","type":"post","link":"https:\/\/encuentroinformativo.com.mx\/?p=31198","title":{"rendered":"Bloquean Coatepec-Las Trancas; reclaman reparaci\u00f3n de puente"},"content":{"rendered":"\n<p><strong>Juan Arcos <\/strong><\/p>\n\n\n\n<p>Coatepec, Ver.- Pobladores de distintas comunidades protestaron y bloquearon por segunda vez la carretera Coatepec-Las Trancas para exigir la reparaci\u00f3n del Puente del Diablo.<\/p>\n\n\n\n<p>Se trat\u00f3 de habitantes de las localidades Puerto Rico, Las Lomas, Tuzamapan y de la colonia 2 de Marzo, quienes se manifestaron la ma\u00f1ana de este jueves 1 de septiembre en la zona afectada.<\/p>\n\n\n\n<p>De acuerdo con el agente municipal de Las Lomas, Yoni Mario Palafox Ronz\u00f3n, el puente est\u00e1 deteriorado, ha continuado la circulaci\u00f3n vehicular en la zona sin se\u00f1alamientos y en cualquier momento podr\u00eda colapsar.<\/p>\n\n\n\n<p>El entrevistado consider\u00f3 que las recientes lluvias han ocasionado mayores da\u00f1os a la infraestructura y, aunque se ha dialogado con autoridades municipales para su atenci\u00f3n, hasta el momento no ha habido una respuesta favorable.<\/p>\n\n\n\n<p>El puente sufri\u00f3 mayores da\u00f1os hace dos meses y medio. El pasado 22 de agosto, la gente protest\u00f3 y cerr\u00f3 la v\u00eda de comunicaci\u00f3n. Las autoridades municipales se comprometieron a atender el problema, pero no fue as\u00ed.<\/p>\n\n\n\n<p>\u201cNo se ha hecho nada, no se han puesto se\u00f1alamientos ni le han dado mantenimiento como hab\u00edan quedado las autoridades municipales\u201d, enfatiz\u00f3 Palafox Ronz\u00f3n.<\/p>\n\n\n\n<p>Este jueves, acudi\u00f3 personal de Pol\u00edtica Regional, del gobierno estatal, y prometi\u00f3 a los quejosos iniciar los trabajos para rehabilitar el Puente del Diablo por parte de la Secretar\u00eda de Infraestructura y Obras P\u00fablicas (SIOP).<\/p>\n\n\n\n<p>\u201cA partir de hoy se van a poner se\u00f1alamientos, Tr\u00e1nsito y el Municipio van a venir para ver lo del mantenimiento del puente. La SIOP ma\u00f1ana empieza a darle mantenimiento\u201d, agreg\u00f3 el agente municipal de Las Lomas.<\/p>\n\n\n\n<figure class=\"wp-block-image size-large\"><img loading=\"lazy\" decoding=\"async\" width=\"540\" height=\"405\" src=\"https:\/\/encuentroinformativo.com.mx\/wp-content\/uploads\/2022\/09\/F84AEEC1-6609-44AB-8185-97459053AF86.jpeg\" alt=\"\" class=\"wp-image-31200\" srcset=\"https:\/\/encuentroinformativo.com.mx\/wp-content\/uploads\/2022\/09\/F84AEEC1-6609-44AB-8185-97459053AF86.jpeg 540w, https:\/\/encuentroinformativo.com.mx\/wp-content\/uploads\/2022\/09\/F84AEEC1-6609-44AB-8185-97459053AF86-300x225.jpeg 300w\" sizes=\"auto, (max-width: 540px) 100vw, 540px\" \/><\/figure>\n","protected":false},"excerpt":{"rendered":"<p>Juan Arcos Coatepec, Ver.- Pobladores de distintas comunidades protestaron y bloquearon por segunda vez la carretera Coatepec-Las Trancas para exigir la reparaci\u00f3n del Puente del Diablo. Se trat\u00f3 de habitantes de las localidades Puerto Rico, Las Lomas, Tuzamapan y de la colonia 2 de Marzo, quienes se manifestaron la ma\u00f1ana de este jueves 1 de [&hellip;]<\/p>\n","protected":false},"author":1,"featured_media":31199,"comment_status":"open","ping_status":"open","sticky":false,"template":"","format":"standard","meta":{"_jetpack_memberships_contains_paid_content":false,"footnotes":""},"categories":[8],"tags":[],"class_list":["post-31198","post","type-post","status-publish","format-standard","has-post-thumbnail","hentry","category-region"],"jetpack_featured_media_url":"https:\/\/encuentroinformativo.com.mx\/wp-content\/uploads\/2022\/09\/7E86E959-5725-4678-87FF-7F227AE7D2B9.jpeg","jetpack_sharing_enabled":true,"jetpack_likes_enabled":true,"amp_enabled":true,"_links":{"self":[{"href":"https:\/\/encuentroinformativo.com.mx\/index.php?rest_route=\/wp\/v2\/posts\/31198","targetHints":{"allow":["GET"]}}],"collection":[{"href":"https:\/\/encuentroinformativo.com.mx\/index.php?rest_route=\/wp\/v2\/posts"}],"about":[{"href":"https:\/\/encuentroinformativo.com.mx\/index.php?rest_route=\/wp\/v2\/types\/post"}],"author":[{"embeddable":true,"href":"https:\/\/encuentroinformativo.com.mx\/index.php?rest_route=\/wp\/v2\/users\/1"}],"replies":[{"embeddable":true,"href":"https:\/\/encuentroinformativo.com.mx\/index.php?rest_route=%2Fwp%2Fv2%2Fcomments&post=31198"}],"version-history":[{"count":1,"href":"https:\/\/encuentroinformativo.com.mx\/index.php?rest_route=\/wp\/v2\/posts\/31198\/revisions"}],"predecessor-version":[{"id":31201,"href":"https:\/\/encuentroinformativo.com.mx\/index.php?rest_route=\/wp\/v2\/posts\/31198\/revisions\/31201"}],"wp:featuredmedia":[{"embeddable":true,"href":"https:\/\/encuentroinformativo.com.mx\/index.php?rest_route=\/wp\/v2\/media\/31199"}],"wp:attachment":[{"href":"https:\/\/encuentroinformativo.com.mx\/index.php?rest_route=%2Fwp%2Fv2%2Fmedia&parent=31198"}],"wp:term":[{"taxonomy":"category","embeddable":true,"href":"https:\/\/encuentroinformativo.com.mx\/index.php?rest_route=%2Fwp%2Fv2%2Fcategories&post=31198"},{"taxonomy":"post_tag","embeddable":true,"href":"https:\/\/encuentroinformativo.com.mx\/index.php?rest_route=%2Fwp%2Fv2%2Ftags&post=31198"}],"curies":[{"name":"wp","href":"https:\/\/api.w.org\/{rel}","templated":true}]}}