{"id":31208,"date":"2022-09-01T13:28:30","date_gmt":"2022-09-01T18:28:30","guid":{"rendered":"https:\/\/encuentroinformativo.com.mx\/?p=31208"},"modified":"2022-09-01T13:28:33","modified_gmt":"2022-09-01T18:28:33","slug":"son-17-escuelas-sin-retorno-a-clases-presenciales-sev","status":"publish","type":"post","link":"https:\/\/encuentroinformativo.com.mx\/?p=31208","title":{"rendered":"Son 17 escuelas sin retorno a clases presenciales: SEV"},"content":{"rendered":"\n<p><strong>Dar\u00edo Pale <\/strong><\/p>\n\n\n\n<p>Xalapa, Ver.- Solo 17 escuelas no regresaron a clases presenciales por alguna incidencia as\u00ed lo inform\u00f3 el secretario de Educaci\u00f3n de Veracruz, Zenyazen Escobar Garc\u00eda, adem\u00e1s de que ya est\u00e1n por salir varias \u00f3rdenes de presentaci\u00f3n para cubrir algunas horas que esta pendientes.<\/p>\n\n\n\n<p>Entrevistado previo a la guardia de honor en el monumento a Don Miguel Hidalgo \u00a0reconoci\u00f3 que en varias secundarias t\u00e9cnicas y generales hay problemas por la falta de asignaci\u00f3n de horas, lo cual tambi\u00e9n deriv\u00f3 en que no hubiera regreso presencial total.<\/p>\n\n\n\n<p>Dio a conocer que en algunos planteles no regresaron por falta de docentes en secundarias t\u00e9cnicas y generales.<\/p>\n\n\n\n<p>En ese sentido, admiti\u00f3 que la Unidad del Sistema para la Carrera de las Maestras y los Maestros (Usicamm) les pone muchas &#8220;trabas&#8221; para la asignaci\u00f3n de plazas, ello genera que haya faltante de horas.<\/p>\n\n\n\n<p>Aunque asegur\u00f3, que ya hay coordinaci\u00f3n entre el SNTE y la SEV para solucionar el problema.<\/p>\n\n\n\n<p>&#8220;Ayer se dieron buenas noticias para la organizaci\u00f3n sindical, de algunos pagos que se van a realizar. El faltante de horas ya estamos trabajando en una ruta. El d\u00eda de hoy salen varias \u00f3rdenes de presentaci\u00f3n que corresponde a un aproximado de 189&#8221;, destac\u00f3.<\/p>\n\n\n\n<p>Explic\u00f3 que en ocasiones no le corresponde a la SEV la asignaci\u00f3n, pues en muchos de los casos los rechazos vienen desde la federaci\u00f3n, pues han puesto muchas trabas en la contrataci\u00f3n de maestros.<\/p>\n\n\n\n<p>Por otro lado, coment\u00f3 que sigue habiendo rechazo de plazas de los compa\u00f1eros de nuevo ingreso bajo el argumento de que los lugares est\u00e1n muy lejos las escuelas que les asignaron.<\/p>\n\n\n\n<p>\u201cAl final decirles que vean la necesidad que hay en las diferentes localidades en los diferentes pueblos y los maestros somos agentes formadores de cambios en las comunidades \u00a0y en las comunidades se necesitan los maestros, en los lugares m\u00e1s olvidados que tenemos en la geograf\u00eda veracruzana\u201d, finaliz\u00f3.<\/p>\n","protected":false},"excerpt":{"rendered":"<p>Dar\u00edo Pale Xalapa, Ver.- Solo 17 escuelas no regresaron a clases presenciales por alguna incidencia as\u00ed lo inform\u00f3 el secretario de Educaci\u00f3n de Veracruz, Zenyazen Escobar Garc\u00eda, adem\u00e1s de que ya est\u00e1n por salir varias \u00f3rdenes de presentaci\u00f3n para cubrir algunas horas que esta pendientes. Entrevistado previo a la guardia de honor en el monumento [&hellip;]<\/p>\n","protected":false},"author":1,"featured_media":31209,"comment_status":"open","ping_status":"open","sticky":false,"template":"","format":"standard","meta":{"_jetpack_memberships_contains_paid_content":false,"footnotes":""},"categories":[2],"tags":[],"class_list":["post-31208","post","type-post","status-publish","format-standard","has-post-thumbnail","hentry","category-estado"],"jetpack_featured_media_url":"https:\/\/encuentroinformativo.com.mx\/wp-content\/uploads\/2022\/09\/F57407C8-9264-4991-BA3E-A602AF953532.jpeg","jetpack_sharing_enabled":true,"jetpack_likes_enabled":true,"amp_enabled":true,"_links":{"self":[{"href":"https:\/\/encuentroinformativo.com.mx\/index.php?rest_route=\/wp\/v2\/posts\/31208","targetHints":{"allow":["GET"]}}],"collection":[{"href":"https:\/\/encuentroinformativo.com.mx\/index.php?rest_route=\/wp\/v2\/posts"}],"about":[{"href":"https:\/\/encuentroinformativo.com.mx\/index.php?rest_route=\/wp\/v2\/types\/post"}],"author":[{"embeddable":true,"href":"https:\/\/encuentroinformativo.com.mx\/index.php?rest_route=\/wp\/v2\/users\/1"}],"replies":[{"embeddable":true,"href":"https:\/\/encuentroinformativo.com.mx\/index.php?rest_route=%2Fwp%2Fv2%2Fcomments&post=31208"}],"version-history":[{"count":1,"href":"https:\/\/encuentroinformativo.com.mx\/index.php?rest_route=\/wp\/v2\/posts\/31208\/revisions"}],"predecessor-version":[{"id":31210,"href":"https:\/\/encuentroinformativo.com.mx\/index.php?rest_route=\/wp\/v2\/posts\/31208\/revisions\/31210"}],"wp:featuredmedia":[{"embeddable":true,"href":"https:\/\/encuentroinformativo.com.mx\/index.php?rest_route=\/wp\/v2\/media\/31209"}],"wp:attachment":[{"href":"https:\/\/encuentroinformativo.com.mx\/index.php?rest_route=%2Fwp%2Fv2%2Fmedia&parent=31208"}],"wp:term":[{"taxonomy":"category","embeddable":true,"href":"https:\/\/encuentroinformativo.com.mx\/index.php?rest_route=%2Fwp%2Fv2%2Fcategories&post=31208"},{"taxonomy":"post_tag","embeddable":true,"href":"https:\/\/encuentroinformativo.com.mx\/index.php?rest_route=%2Fwp%2Fv2%2Ftags&post=31208"}],"curies":[{"name":"wp","href":"https:\/\/api.w.org\/{rel}","templated":true}]}}