{"id":3121,"date":"2020-06-05T13:38:41","date_gmt":"2020-06-05T18:38:41","guid":{"rendered":"https:\/\/encuentroinformativo.com\/?p=3121"},"modified":"2020-06-05T13:38:43","modified_gmt":"2020-06-05T18:38:43","slug":"colonos-reclaman-obras-para-evitar-inundaciones-en-coatepec","status":"publish","type":"post","link":"https:\/\/encuentroinformativo.com.mx\/?p=3121","title":{"rendered":"Colonos reclaman obras para evitar inundaciones en Coatepec"},"content":{"rendered":"\n<p><strong>Juan Arcos <\/strong><\/p>\n\n\n\n<p>Coatepec, Ver.- Julieta Flores Ficachi, vecina de la colonia Tezocolco de Coatepec, protest\u00f3 nuevamente frente al Palacio de Municipal del Pueblo M\u00e1gico, donde denunci\u00f3 que el ayuntamiento se ha negado a hacer una obra para evitar inundaciones donde habita.<\/p>\n\n\n\n<p>La mencionada colonia se encuentra en la congregaci\u00f3n Las Puentes, a un costado de la comunidad San Marcos, municipio de Xico.<\/p>\n\n\n\n<p>All\u00ed, la mayor\u00eda de las viviendas presentan afectaciones por inundaciones cada vez que llueve en el municipio.<\/p>\n\n\n\n<p>La se\u00f1ora indic\u00f3 que ya ha dialogado con los encargados de Obras P\u00fablicas; sin embargo, le argumentan que no hay recursos para llevar a cabo los trabajos solicitados.<\/p>\n\n\n\n<p>A su juicio, se requiere la nivelaci\u00f3n del piso con una retro excavadora, una compactadora y material de revestimiento.<\/p>\n\n\n\n<p>\u201cNo les sale en m\u00e1s de 200 mil pesos. Habl\u00e9 con la encargada de obras p\u00fablicas, hace un mes, y lo mismo, que no tienen presupuesto\u201d.<\/p>\n\n\n\n<p>Adem\u00e1s, consider\u00f3 que ha faltado transparencia en la aplicaci\u00f3n de los recursos p\u00fablicos, pues a su juicio esto no se ha visto reflejado en obras p\u00fablicas.<\/p>\n\n\n\n<p>\u201cFalta transparencia y la presencia del alcalde, es el primer alcalde que Coatepec ha tenido encerrado, los otros, por muy malos, atend\u00edan a la gente\u201d, culmin\u00f3.<\/p>\n\n\n\n<p><\/p>\n","protected":false},"excerpt":{"rendered":"<p>Juan Arcos Coatepec, Ver.- Julieta Flores Ficachi, vecina de la colonia Tezocolco de Coatepec, protest\u00f3 nuevamente frente al Palacio de Municipal del Pueblo M\u00e1gico, donde denunci\u00f3 que el ayuntamiento se ha negado a hacer una obra para evitar inundaciones donde habita. La mencionada colonia se encuentra en la congregaci\u00f3n Las Puentes, a un costado de [&hellip;]<\/p>\n","protected":false},"author":1,"featured_media":3122,"comment_status":"open","ping_status":"open","sticky":false,"template":"","format":"standard","meta":{"_jetpack_memberships_contains_paid_content":false,"footnotes":""},"categories":[8],"tags":[],"class_list":["post-3121","post","type-post","status-publish","format-standard","has-post-thumbnail","hentry","category-region"],"jetpack_featured_media_url":"https:\/\/encuentroinformativo.com.mx\/wp-content\/uploads\/2020\/06\/CD748CDC-8E0A-4ED4-8804-76975AA5F0F1.jpeg","jetpack_sharing_enabled":true,"jetpack_likes_enabled":true,"amp_enabled":true,"_links":{"self":[{"href":"https:\/\/encuentroinformativo.com.mx\/index.php?rest_route=\/wp\/v2\/posts\/3121","targetHints":{"allow":["GET"]}}],"collection":[{"href":"https:\/\/encuentroinformativo.com.mx\/index.php?rest_route=\/wp\/v2\/posts"}],"about":[{"href":"https:\/\/encuentroinformativo.com.mx\/index.php?rest_route=\/wp\/v2\/types\/post"}],"author":[{"embeddable":true,"href":"https:\/\/encuentroinformativo.com.mx\/index.php?rest_route=\/wp\/v2\/users\/1"}],"replies":[{"embeddable":true,"href":"https:\/\/encuentroinformativo.com.mx\/index.php?rest_route=%2Fwp%2Fv2%2Fcomments&post=3121"}],"version-history":[{"count":1,"href":"https:\/\/encuentroinformativo.com.mx\/index.php?rest_route=\/wp\/v2\/posts\/3121\/revisions"}],"predecessor-version":[{"id":3123,"href":"https:\/\/encuentroinformativo.com.mx\/index.php?rest_route=\/wp\/v2\/posts\/3121\/revisions\/3123"}],"wp:featuredmedia":[{"embeddable":true,"href":"https:\/\/encuentroinformativo.com.mx\/index.php?rest_route=\/wp\/v2\/media\/3122"}],"wp:attachment":[{"href":"https:\/\/encuentroinformativo.com.mx\/index.php?rest_route=%2Fwp%2Fv2%2Fmedia&parent=3121"}],"wp:term":[{"taxonomy":"category","embeddable":true,"href":"https:\/\/encuentroinformativo.com.mx\/index.php?rest_route=%2Fwp%2Fv2%2Fcategories&post=3121"},{"taxonomy":"post_tag","embeddable":true,"href":"https:\/\/encuentroinformativo.com.mx\/index.php?rest_route=%2Fwp%2Fv2%2Ftags&post=3121"}],"curies":[{"name":"wp","href":"https:\/\/api.w.org\/{rel}","templated":true}]}}