{"id":31211,"date":"2022-09-01T13:49:52","date_gmt":"2022-09-01T18:49:52","guid":{"rendered":"https:\/\/encuentroinformativo.com.mx\/?p=31211"},"modified":"2022-09-01T13:49:56","modified_gmt":"2022-09-01T18:49:56","slug":"cesan-a-director-a-la-secundaria-jose-azueta-este-viernes-vuelven-a-clases","status":"publish","type":"post","link":"https:\/\/encuentroinformativo.com.mx\/?p=31211","title":{"rendered":"Cesan a director a la secundaria &#8220;Jos\u00e9 Azueta&#8221;, este viernes vuelven a clases"},"content":{"rendered":"\n<p><strong>Alejandro \u00c1vila<\/strong><\/p>\n\n\n\n<p>Boca del R\u00edo, Ver.- Tras cuatro d\u00edas de permanecer tomada la Secundaria Federal #1 &#8220;Jos\u00e9 Azueta&#8221; en el municipio de Boca del R\u00edo, este viernes volver\u00e1 a abrir sus puertas para los estudiantes.<\/p>\n\n\n\n<p>Amaury Rivelino Herrera C\u00e1mara, docente del plantel educativo, dijo que fueron largas jornadas de negociaci\u00f3n entre los l\u00edderes sindicales y las autoridades de la Secretar\u00eda de Educaci\u00f3n de Veracruz (SEV), d\u00f3nde finalmente lograron el objetivo de cesar a la directora, Laura Mart\u00ednez Alvarado, a qui\u00e9n acusaban de acoso y hostigamiento laboral.<\/p>\n\n\n\n<p>&#8220;A altas horas de la noche del d\u00eda de ayer (miercoles), pues ya se tom\u00f3 la decisi\u00f3n, la resoluci\u00f3n, y ya a nosotros como maestros nada m\u00e1s nos queda abrir la instituci\u00f3n, y ya ma\u00f1ana (viernes) regresar a clases (\u2026) todas las peticiones, todo el pliego petitorio se llev\u00f3 a cabo, lo revisaron, yo me imagino que investigaron, y la soluci\u00f3n, pues el punto numero uno era la remoci\u00f3n de la maestra, de la directora, la maestra Laura, ese es el punto medular, y autom\u00e1ticamente todos los dem\u00e1s puntos pues ya quedaban aclarados&#8221;, puntualiz\u00f3.<\/p>\n\n\n\n<p>Herrera C\u00e1mara agradeci\u00f3 a los padres de familia que los apoyaron durante su protesta, al igual que los que no lo hicieron, y se\u00f1al\u00f3 que, este incidente ya qued\u00f3 atr\u00e1s y comenzar\u00e1n a desarrollar su labor en un ambiente de trabajo adecuado, donde la prioridad es la ense\u00f1anza a los j\u00f3venes.<\/p>\n","protected":false},"excerpt":{"rendered":"<p>Alejandro \u00c1vila Boca del R\u00edo, Ver.- Tras cuatro d\u00edas de permanecer tomada la Secundaria Federal #1 &#8220;Jos\u00e9 Azueta&#8221; en el municipio de Boca del R\u00edo, este viernes volver\u00e1 a abrir sus puertas para los estudiantes. Amaury Rivelino Herrera C\u00e1mara, docente del plantel educativo, dijo que fueron largas jornadas de negociaci\u00f3n entre los l\u00edderes sindicales y [&hellip;]<\/p>\n","protected":false},"author":1,"featured_media":31212,"comment_status":"open","ping_status":"open","sticky":false,"template":"","format":"standard","meta":{"_jetpack_memberships_contains_paid_content":false,"footnotes":""},"categories":[2],"tags":[],"class_list":["post-31211","post","type-post","status-publish","format-standard","has-post-thumbnail","hentry","category-estado"],"jetpack_featured_media_url":"https:\/\/encuentroinformativo.com.mx\/wp-content\/uploads\/2022\/09\/6063F89A-E8D0-422B-A5B9-A3FDC3DD3C33.jpeg","jetpack_sharing_enabled":true,"jetpack_likes_enabled":true,"amp_enabled":true,"_links":{"self":[{"href":"https:\/\/encuentroinformativo.com.mx\/index.php?rest_route=\/wp\/v2\/posts\/31211","targetHints":{"allow":["GET"]}}],"collection":[{"href":"https:\/\/encuentroinformativo.com.mx\/index.php?rest_route=\/wp\/v2\/posts"}],"about":[{"href":"https:\/\/encuentroinformativo.com.mx\/index.php?rest_route=\/wp\/v2\/types\/post"}],"author":[{"embeddable":true,"href":"https:\/\/encuentroinformativo.com.mx\/index.php?rest_route=\/wp\/v2\/users\/1"}],"replies":[{"embeddable":true,"href":"https:\/\/encuentroinformativo.com.mx\/index.php?rest_route=%2Fwp%2Fv2%2Fcomments&post=31211"}],"version-history":[{"count":1,"href":"https:\/\/encuentroinformativo.com.mx\/index.php?rest_route=\/wp\/v2\/posts\/31211\/revisions"}],"predecessor-version":[{"id":31213,"href":"https:\/\/encuentroinformativo.com.mx\/index.php?rest_route=\/wp\/v2\/posts\/31211\/revisions\/31213"}],"wp:featuredmedia":[{"embeddable":true,"href":"https:\/\/encuentroinformativo.com.mx\/index.php?rest_route=\/wp\/v2\/media\/31212"}],"wp:attachment":[{"href":"https:\/\/encuentroinformativo.com.mx\/index.php?rest_route=%2Fwp%2Fv2%2Fmedia&parent=31211"}],"wp:term":[{"taxonomy":"category","embeddable":true,"href":"https:\/\/encuentroinformativo.com.mx\/index.php?rest_route=%2Fwp%2Fv2%2Fcategories&post=31211"},{"taxonomy":"post_tag","embeddable":true,"href":"https:\/\/encuentroinformativo.com.mx\/index.php?rest_route=%2Fwp%2Fv2%2Ftags&post=31211"}],"curies":[{"name":"wp","href":"https:\/\/api.w.org\/{rel}","templated":true}]}}