{"id":31214,"date":"2022-09-01T14:47:35","date_gmt":"2022-09-01T19:47:35","guid":{"rendered":"https:\/\/encuentroinformativo.com.mx\/?p=31214"},"modified":"2022-09-01T14:47:39","modified_gmt":"2022-09-01T19:47:39","slug":"afectados-por-bloqueos-deben-interponer-denuncias-gobernador","status":"publish","type":"post","link":"https:\/\/encuentroinformativo.com.mx\/?p=31214","title":{"rendered":"Afectados por bloqueos, deben interponer denuncias: Gobernador"},"content":{"rendered":"\n<p><strong>Dar\u00edo Pale<\/strong><\/p>\n\n\n\n<p>Xalapa, Ver.- Las denuncias en contra Renato Alarc\u00f3n corresponden a los afectados pues politizaron un tema social que s\u00f3lo incumbe a la poblaci\u00f3n de Emiliano Zapata, as\u00ed lo inform\u00f3 el gobernador del Estado, Cuitl\u00e1huac Garc\u00eda Jim\u00e9nez.<\/p>\n\n\n\n<p>Entrevistado previo a la inauguraci\u00f3n de la nueva \u00e1rea del museo Kan\u00e1 se\u00f1al\u00f3 que, \u201cest\u00e1 molesto porque sus terrenos est\u00e1n con la colindancia con el desarrollo habitacional y es el\u201d.<\/p>\n\n\n\n<p>Dio a conocer que este mi\u00e9rcoles dialogaron con la poblaci\u00f3n para que desalojara y liberara la carretera, pues \u00fanicamente se les hizo un exhorto y no hubo necesidad de trasladar a los granaderos.<\/p>\n\n\n\n<p>\u201cAyer se quedo claro fue un exhorto sobre todo a la gente que est\u00e1 ah\u00ed y la gente entendi\u00f3 que era una cuesti\u00f3n pol\u00edtica y por eso se fueron\u201d, se\u00f1al\u00f3.<\/p>\n\n\n\n<p><strong>Alerta Gris<\/strong><\/p>\n\n\n\n<p>En otro orden de ideas el mandatario estatal inform\u00f3 que se activ\u00f3 la alerta gris por temporal lluvioso en el estado, por lo que solicit\u00f3 a la poblaci\u00f3n estar atentos y darle seguimiento a las recomendaciones de Protecci\u00f3n Civil del gobierno del estado.<\/p>\n\n\n\n<p>Precis\u00f3 que &#8220;el \u00a0Sistema Estatal de PC nos inform\u00f3 que se activa #AlertaGris por Temporal Lluvioso por lo que pedimos estar muy atentos y darle seguimiento al clima en la aplicaci\u00f3n de celular de tu preferencia, que hora por hora brinda informaci\u00f3n sobre las lluvias o inf\u00f3rmate de las actualizaciones meteorol\u00f3gicas en Ceec Protecci\u00f3n Civil\u201d.<\/p>\n\n\n\n<p>Finalmente coment\u00f3 que, &#8220;supervisamos las acciones coordinadas que se implementar\u00e1n en el operativo durante el Costa Esmeralda Fest que se llevar\u00e1 a cabo el fin de semana, as\u00ed como los operativos de seguridad desplegados en todo el estado.&#8221;<\/p>\n","protected":false},"excerpt":{"rendered":"<p>Dar\u00edo Pale Xalapa, Ver.- Las denuncias en contra Renato Alarc\u00f3n corresponden a los afectados pues politizaron un tema social que s\u00f3lo incumbe a la poblaci\u00f3n de Emiliano Zapata, as\u00ed lo inform\u00f3 el gobernador del Estado, Cuitl\u00e1huac Garc\u00eda Jim\u00e9nez. Entrevistado previo a la inauguraci\u00f3n de la nueva \u00e1rea del museo Kan\u00e1 se\u00f1al\u00f3 que, \u201cest\u00e1 molesto porque [&hellip;]<\/p>\n","protected":false},"author":1,"featured_media":31215,"comment_status":"open","ping_status":"open","sticky":false,"template":"","format":"standard","meta":{"_jetpack_memberships_contains_paid_content":false,"footnotes":""},"categories":[2],"tags":[],"class_list":["post-31214","post","type-post","status-publish","format-standard","has-post-thumbnail","hentry","category-estado"],"jetpack_featured_media_url":"https:\/\/encuentroinformativo.com.mx\/wp-content\/uploads\/2022\/09\/5202A50A-8382-4E53-AD02-DF874194584C.jpeg","jetpack_sharing_enabled":true,"jetpack_likes_enabled":true,"amp_enabled":true,"_links":{"self":[{"href":"https:\/\/encuentroinformativo.com.mx\/index.php?rest_route=\/wp\/v2\/posts\/31214","targetHints":{"allow":["GET"]}}],"collection":[{"href":"https:\/\/encuentroinformativo.com.mx\/index.php?rest_route=\/wp\/v2\/posts"}],"about":[{"href":"https:\/\/encuentroinformativo.com.mx\/index.php?rest_route=\/wp\/v2\/types\/post"}],"author":[{"embeddable":true,"href":"https:\/\/encuentroinformativo.com.mx\/index.php?rest_route=\/wp\/v2\/users\/1"}],"replies":[{"embeddable":true,"href":"https:\/\/encuentroinformativo.com.mx\/index.php?rest_route=%2Fwp%2Fv2%2Fcomments&post=31214"}],"version-history":[{"count":1,"href":"https:\/\/encuentroinformativo.com.mx\/index.php?rest_route=\/wp\/v2\/posts\/31214\/revisions"}],"predecessor-version":[{"id":31216,"href":"https:\/\/encuentroinformativo.com.mx\/index.php?rest_route=\/wp\/v2\/posts\/31214\/revisions\/31216"}],"wp:featuredmedia":[{"embeddable":true,"href":"https:\/\/encuentroinformativo.com.mx\/index.php?rest_route=\/wp\/v2\/media\/31215"}],"wp:attachment":[{"href":"https:\/\/encuentroinformativo.com.mx\/index.php?rest_route=%2Fwp%2Fv2%2Fmedia&parent=31214"}],"wp:term":[{"taxonomy":"category","embeddable":true,"href":"https:\/\/encuentroinformativo.com.mx\/index.php?rest_route=%2Fwp%2Fv2%2Fcategories&post=31214"},{"taxonomy":"post_tag","embeddable":true,"href":"https:\/\/encuentroinformativo.com.mx\/index.php?rest_route=%2Fwp%2Fv2%2Ftags&post=31214"}],"curies":[{"name":"wp","href":"https:\/\/api.w.org\/{rel}","templated":true}]}}