{"id":31217,"date":"2022-09-01T16:39:54","date_gmt":"2022-09-01T21:39:54","guid":{"rendered":"https:\/\/encuentroinformativo.com.mx\/?p=31217"},"modified":"2022-09-01T17:41:35","modified_gmt":"2022-09-01T22:41:35","slug":"funcionarias-municipales-victimas-de-violencia-politica-reconoce-ivm","status":"publish","type":"post","link":"https:\/\/encuentroinformativo.com.mx\/?p=31217","title":{"rendered":"Funcionarias municipales v\u00edctimas de violencia pol\u00edtica, reconoce IVM"},"content":{"rendered":"\n<p><strong>Dar\u00edo Pale<\/strong><\/p>\n\n\n\n<p>Xalapa, Ver.- La encargada de despacho de la direcci\u00f3n del Instituto Veracruzano de la Mujer, Mar\u00eda del Roc\u00edo Villafuerte Mart\u00ednez, dio a conocer que el a\u00f1o pasado se atendieron 12 casos de alcaldesas, s\u00edndicas y regidoras electas para el periodo 2017-2021 a las que se les dio acompa\u00f1amiento al ser v\u00edctimas de violencia pol\u00edtica de g\u00e9nero en los Ayuntamientos.<\/p>\n\n\n\n<p>Entrevistada posterior a la guardia de honor en el parque de los Berros, asegur\u00f3 que este a\u00f1o han sido menos los casos, pero lo atribuye a que est\u00e1n iniciando las administraciones.<\/p>\n\n\n\n<p>\u201cHay muchos casos desde el OPLE y desde el TEEV.&nbsp; Hacemos dos cosas, uno, lo que tiene que ver con la v\u00edctima de violencia pol\u00edtica, ellas acuden a nosotros, yo creo que el 90 por ciento acuden con nosotros, les damos acompa\u00f1amiento psicol\u00f3gico y jur\u00eddico\u201d, se\u00f1al\u00f3.<\/p>\n\n\n\n<p>Ademas de que el IVM est\u00e1 obligado a sensibilizar a los funcionarios municipales y al Cabildo, &#8220;el a\u00f1o pasado estuvimos trabajando con ocho municipios, se gener\u00f3 un programa de capacitaci\u00f3n para Ayuntamientos, se hizo de manera virtual con los cabildos de Coatzacoalcos y Atzalan, estuvo el alcalde y todo el Cabildo\u201d.<\/p>\n\n\n\n<p>Finalmente dio a conocer que fueron capacitados por 40 horas, \u201cel a\u00f1o pasado tuvimos 12 casos, este a\u00f1o ha menguado, porque son administraciones nuevas, pero ya los empieza a haber\u201d.<\/p>\n","protected":false},"excerpt":{"rendered":"<p>Dar\u00edo Pale Xalapa, Ver.- La encargada de despacho de la direcci\u00f3n del Instituto Veracruzano de la Mujer, Mar\u00eda del Roc\u00edo Villafuerte Mart\u00ednez, dio a conocer que el a\u00f1o pasado se atendieron 12 casos de alcaldesas, s\u00edndicas y regidoras electas para el periodo 2017-2021 a las que se les dio acompa\u00f1amiento al ser v\u00edctimas de violencia [&hellip;]<\/p>\n","protected":false},"author":1,"featured_media":5952,"comment_status":"open","ping_status":"open","sticky":false,"template":"","format":"standard","meta":{"_jetpack_memberships_contains_paid_content":false,"footnotes":""},"categories":[2],"tags":[],"class_list":["post-31217","post","type-post","status-publish","format-standard","has-post-thumbnail","hentry","category-estado"],"jetpack_featured_media_url":"https:\/\/encuentroinformativo.com.mx\/wp-content\/uploads\/2020\/09\/6A50A390-0AC5-4E32-98BC-4626F07E5BD1.jpeg","jetpack_sharing_enabled":true,"jetpack_likes_enabled":true,"amp_enabled":true,"_links":{"self":[{"href":"https:\/\/encuentroinformativo.com.mx\/index.php?rest_route=\/wp\/v2\/posts\/31217","targetHints":{"allow":["GET"]}}],"collection":[{"href":"https:\/\/encuentroinformativo.com.mx\/index.php?rest_route=\/wp\/v2\/posts"}],"about":[{"href":"https:\/\/encuentroinformativo.com.mx\/index.php?rest_route=\/wp\/v2\/types\/post"}],"author":[{"embeddable":true,"href":"https:\/\/encuentroinformativo.com.mx\/index.php?rest_route=\/wp\/v2\/users\/1"}],"replies":[{"embeddable":true,"href":"https:\/\/encuentroinformativo.com.mx\/index.php?rest_route=%2Fwp%2Fv2%2Fcomments&post=31217"}],"version-history":[{"count":2,"href":"https:\/\/encuentroinformativo.com.mx\/index.php?rest_route=\/wp\/v2\/posts\/31217\/revisions"}],"predecessor-version":[{"id":31235,"href":"https:\/\/encuentroinformativo.com.mx\/index.php?rest_route=\/wp\/v2\/posts\/31217\/revisions\/31235"}],"wp:featuredmedia":[{"embeddable":true,"href":"https:\/\/encuentroinformativo.com.mx\/index.php?rest_route=\/wp\/v2\/media\/5952"}],"wp:attachment":[{"href":"https:\/\/encuentroinformativo.com.mx\/index.php?rest_route=%2Fwp%2Fv2%2Fmedia&parent=31217"}],"wp:term":[{"taxonomy":"category","embeddable":true,"href":"https:\/\/encuentroinformativo.com.mx\/index.php?rest_route=%2Fwp%2Fv2%2Fcategories&post=31217"},{"taxonomy":"post_tag","embeddable":true,"href":"https:\/\/encuentroinformativo.com.mx\/index.php?rest_route=%2Fwp%2Fv2%2Ftags&post=31217"}],"curies":[{"name":"wp","href":"https:\/\/api.w.org\/{rel}","templated":true}]}}