{"id":31223,"date":"2022-09-01T16:53:26","date_gmt":"2022-09-01T21:53:26","guid":{"rendered":"https:\/\/encuentroinformativo.com.mx\/?p=31223"},"modified":"2022-09-01T16:53:32","modified_gmt":"2022-09-01T21:53:32","slug":"protestan-padres-de-familia-de-esti-148-por-cambio-de-director","status":"publish","type":"post","link":"https:\/\/encuentroinformativo.com.mx\/?p=31223","title":{"rendered":"Protestan padres de familia de ESTI #148 por cambio de director"},"content":{"rendered":"\n<p><strong>Alejandro \u00c1vila<\/strong><\/p>\n\n\n\n<p>Veracruz, Ver.- Padres de familia de la Escuela Secundaria T\u00e9cnica Industrial (ESTI) n\u00famero 48 ubicada en el fraccionamiento Geo Pinos del municipio de Veracruz protestaron la ma\u00f1ana de este jueves tras conocer sobre el repentino cambio del director, Omar Espartaco L\u00f3pez Mar\u00edn.<\/p>\n\n\n\n<p>Los padres de familia se\u00f1alaron que, desde la llegada de la hora ex director las cosas cambiaron para bien, pues se iniciaron con proyectos y programas para rehabilitar la instituci\u00f3n educativa.<\/p>\n\n\n\n<p>&#8220;Ahora que estaba siendo rescatada y trabajando en pro de nuestra escuela y de nuestros hijos, qu\u00e9 son el futuro de M\u00e9xico, el director y profesor, Omar Espartaco L\u00f3pez Mar\u00edn trabaja para que las instalaciones se encuentren en las mejores condiciones, seguras y dignas para ellos. Los alumnos y padres de estamos en desacuerdo de estos actos, dados los compromisos con el mejoramiento y crecimiento en valores y aptitudes, que en tan poco tiempo a sembrado en los m\u00e1s beneficiados del plantel qu\u00e9 son nuestros hijos&#8221;, apunt\u00f3, la se\u00f1ora Marlyn.<\/p>\n\n\n\n<p>&#8220;Solicitamos apoyo y respuesta de nuestras autoridades, a nuestros oficios que ya han sido entregados en la SEV en Xalapa, a la delegaci\u00f3n de la SEV aqu\u00ed en Veracruz. Y solicitamos el apoyo al no cambio de director, a la rendici\u00f3n de cuentas y cambio de la Asociaci\u00f3n de Padres de Familia, y al env\u00edo de maestros para las asignaturas faltantes&#8221;, remat\u00f3 la se\u00f1ora Marlyn.<\/p>\n\n\n\n<p>Durante la protesta, donde tambi\u00e9n colocaron una lona mostrando sus inconformidades, el subdirector del plantel educativo los increpo durante algunos minutos, se\u00f1alaron los padres de familia.<\/p>\n","protected":false},"excerpt":{"rendered":"<p>Alejandro \u00c1vila Veracruz, Ver.- Padres de familia de la Escuela Secundaria T\u00e9cnica Industrial (ESTI) n\u00famero 48 ubicada en el fraccionamiento Geo Pinos del municipio de Veracruz protestaron la ma\u00f1ana de este jueves tras conocer sobre el repentino cambio del director, Omar Espartaco L\u00f3pez Mar\u00edn. Los padres de familia se\u00f1alaron que, desde la llegada de la [&hellip;]<\/p>\n","protected":false},"author":1,"featured_media":31224,"comment_status":"open","ping_status":"open","sticky":false,"template":"","format":"standard","meta":{"_jetpack_memberships_contains_paid_content":false,"footnotes":""},"categories":[2],"tags":[],"class_list":["post-31223","post","type-post","status-publish","format-standard","has-post-thumbnail","hentry","category-estado"],"jetpack_featured_media_url":"https:\/\/encuentroinformativo.com.mx\/wp-content\/uploads\/2022\/09\/82CB44D2-0006-47A6-B96F-4CA6AF3F5985.jpeg","jetpack_sharing_enabled":true,"jetpack_likes_enabled":true,"amp_enabled":true,"_links":{"self":[{"href":"https:\/\/encuentroinformativo.com.mx\/index.php?rest_route=\/wp\/v2\/posts\/31223","targetHints":{"allow":["GET"]}}],"collection":[{"href":"https:\/\/encuentroinformativo.com.mx\/index.php?rest_route=\/wp\/v2\/posts"}],"about":[{"href":"https:\/\/encuentroinformativo.com.mx\/index.php?rest_route=\/wp\/v2\/types\/post"}],"author":[{"embeddable":true,"href":"https:\/\/encuentroinformativo.com.mx\/index.php?rest_route=\/wp\/v2\/users\/1"}],"replies":[{"embeddable":true,"href":"https:\/\/encuentroinformativo.com.mx\/index.php?rest_route=%2Fwp%2Fv2%2Fcomments&post=31223"}],"version-history":[{"count":1,"href":"https:\/\/encuentroinformativo.com.mx\/index.php?rest_route=\/wp\/v2\/posts\/31223\/revisions"}],"predecessor-version":[{"id":31225,"href":"https:\/\/encuentroinformativo.com.mx\/index.php?rest_route=\/wp\/v2\/posts\/31223\/revisions\/31225"}],"wp:featuredmedia":[{"embeddable":true,"href":"https:\/\/encuentroinformativo.com.mx\/index.php?rest_route=\/wp\/v2\/media\/31224"}],"wp:attachment":[{"href":"https:\/\/encuentroinformativo.com.mx\/index.php?rest_route=%2Fwp%2Fv2%2Fmedia&parent=31223"}],"wp:term":[{"taxonomy":"category","embeddable":true,"href":"https:\/\/encuentroinformativo.com.mx\/index.php?rest_route=%2Fwp%2Fv2%2Fcategories&post=31223"},{"taxonomy":"post_tag","embeddable":true,"href":"https:\/\/encuentroinformativo.com.mx\/index.php?rest_route=%2Fwp%2Fv2%2Ftags&post=31223"}],"curies":[{"name":"wp","href":"https:\/\/api.w.org\/{rel}","templated":true}]}}