{"id":31229,"date":"2022-09-01T17:08:48","date_gmt":"2022-09-01T22:08:48","guid":{"rendered":"https:\/\/encuentroinformativo.com.mx\/?p=31229"},"modified":"2022-09-01T17:08:51","modified_gmt":"2022-09-01T22:08:51","slug":"ayuntamiento-se-hara-cargo-del-parque-macuiltepetl-alcalde","status":"publish","type":"post","link":"https:\/\/encuentroinformativo.com.mx\/?p=31229","title":{"rendered":"Ayuntamiento se har\u00e1 cargo del parque Macuilt\u00e9petl: Alcalde"},"content":{"rendered":"\n<p><strong>Dar\u00edo Pale <\/strong><\/p>\n\n\n\n<p>Xalapa, Ver.- El desalojo registrado este mi\u00e9rcoles en el Museo de la Fauna se trat\u00f3 de un proceso judicial e incluso la autoridad competente notific\u00f3 que se llevar\u00eda a cabo la diligencia, por lo que fue realizada con el protocolo legal, as\u00ed lo inform\u00f3 el presidente municipal de Xalapa, Ricardo Ahued Bardahuil.<\/p>\n\n\n\n<p>Entrevistado previo a la guardia de honor al monumento al padre de la patria Miguel Hidalgo se\u00f1al\u00f3 que, \u201cesto viene de un proceso de hace varios a\u00f1os y ahora nos notificaron que incluso PROFEPA retir\u00f3 la fauna que estaba all\u00e1 y este juicio provoc\u00f3 que se hiciera el retiro y se notificara al ayuntamiento y se presentara para tomar las instalaciones, eso fue lo que pas\u00f3\u201d.<\/p>\n\n\n\n<p>Coment\u00f3 que ahora el ayuntamiento de Xalapa derivado de la disposici\u00f3n legal, se har\u00e1 cargo del mantenimiento, limpieza y regulaci\u00f3n del lugar, para tenerlo accesible para la gente que acude a pasear y hacer ejercicio.<\/p>\n\n\n\n<p>\u201cDesde luego tenemos que estar al pendiente del Cerro del Macuiltepetl que es un emblema de la ciudad de Xalapa. La autoridad competente lo hizo fue PROFEPA quien lo retir\u00f3 y si alguna persona tiene sobre de ellos alg\u00fan bien que reclamar es con PROFEPA\u201d, coment\u00f3.<\/p>\n\n\n\n<p>Mencion\u00f3 que aun no se tiene alg\u00fan proyecto en espec\u00edfico para el cerro pues les acaban de notificar y ser el entregado la responsabilidad y el manejo de este, y en caso de que se presente un proyecto se revisar\u00e1 y complementar\u00e1 de acuerdo con las reglas y normas de un \u00e1rea protegida como es el Macuiltepetl.<\/p>\n\n\n\n<p>Finalmente se\u00f1al\u00f3 que, \u201cse va a tener que hacer un inventario y revisar por medio del ayuntamiento las competencias que tienen sobre las mismas, hay equipo, varias antenas que tenemos que revisarlo ya que nos han dado la instrucci\u00f3n la autoridad judicial que nos hagamos cargo y habremos de ver cual es el permiso y que estemos en regla y tambi\u00e9n que intervenga protecci\u00f3n Civil para que las antenas est\u00e9n en el estado adecuado\u201d.<\/p>\n","protected":false},"excerpt":{"rendered":"<p>Dar\u00edo Pale Xalapa, Ver.- El desalojo registrado este mi\u00e9rcoles en el Museo de la Fauna se trat\u00f3 de un proceso judicial e incluso la autoridad competente notific\u00f3 que se llevar\u00eda a cabo la diligencia, por lo que fue realizada con el protocolo legal, as\u00ed lo inform\u00f3 el presidente municipal de Xalapa, Ricardo Ahued Bardahuil. Entrevistado [&hellip;]<\/p>\n","protected":false},"author":1,"featured_media":31230,"comment_status":"open","ping_status":"open","sticky":false,"template":"","format":"standard","meta":{"_jetpack_memberships_contains_paid_content":false,"footnotes":""},"categories":[3],"tags":[],"class_list":["post-31229","post","type-post","status-publish","format-standard","has-post-thumbnail","hentry","category-xalapa"],"jetpack_featured_media_url":"https:\/\/encuentroinformativo.com.mx\/wp-content\/uploads\/2022\/09\/CC72C97A-3442-48DD-9F4C-6D69FD40F5F8.jpeg","jetpack_sharing_enabled":true,"jetpack_likes_enabled":true,"amp_enabled":true,"_links":{"self":[{"href":"https:\/\/encuentroinformativo.com.mx\/index.php?rest_route=\/wp\/v2\/posts\/31229","targetHints":{"allow":["GET"]}}],"collection":[{"href":"https:\/\/encuentroinformativo.com.mx\/index.php?rest_route=\/wp\/v2\/posts"}],"about":[{"href":"https:\/\/encuentroinformativo.com.mx\/index.php?rest_route=\/wp\/v2\/types\/post"}],"author":[{"embeddable":true,"href":"https:\/\/encuentroinformativo.com.mx\/index.php?rest_route=\/wp\/v2\/users\/1"}],"replies":[{"embeddable":true,"href":"https:\/\/encuentroinformativo.com.mx\/index.php?rest_route=%2Fwp%2Fv2%2Fcomments&post=31229"}],"version-history":[{"count":1,"href":"https:\/\/encuentroinformativo.com.mx\/index.php?rest_route=\/wp\/v2\/posts\/31229\/revisions"}],"predecessor-version":[{"id":31231,"href":"https:\/\/encuentroinformativo.com.mx\/index.php?rest_route=\/wp\/v2\/posts\/31229\/revisions\/31231"}],"wp:featuredmedia":[{"embeddable":true,"href":"https:\/\/encuentroinformativo.com.mx\/index.php?rest_route=\/wp\/v2\/media\/31230"}],"wp:attachment":[{"href":"https:\/\/encuentroinformativo.com.mx\/index.php?rest_route=%2Fwp%2Fv2%2Fmedia&parent=31229"}],"wp:term":[{"taxonomy":"category","embeddable":true,"href":"https:\/\/encuentroinformativo.com.mx\/index.php?rest_route=%2Fwp%2Fv2%2Fcategories&post=31229"},{"taxonomy":"post_tag","embeddable":true,"href":"https:\/\/encuentroinformativo.com.mx\/index.php?rest_route=%2Fwp%2Fv2%2Ftags&post=31229"}],"curies":[{"name":"wp","href":"https:\/\/api.w.org\/{rel}","templated":true}]}}