{"id":31232,"date":"2022-09-01T17:14:08","date_gmt":"2022-09-01T22:14:08","guid":{"rendered":"https:\/\/encuentroinformativo.com.mx\/?p=31232"},"modified":"2022-09-01T17:14:12","modified_gmt":"2022-09-01T22:14:12","slug":"alcalde-jm-unanue-pone-en-marcha-la-campana-septiembre-mes-del-testamento","status":"publish","type":"post","link":"https:\/\/encuentroinformativo.com.mx\/?p=31232","title":{"rendered":"Alcalde JM Un\u00e1nue pone en marcha la campa\u00f1a \u201cSeptiembre mes del Testamento\u201d"},"content":{"rendered":"\n<p><strong>*<em>Con el testamento, se busca que las boque\u00f1as y boque\u00f1os tengan seguridad patrimonial<\/em>.<\/strong><\/p>\n\n\n\n<p>Boca del R\u00edo, Ver.- Garantizar y ordenar los bienes pensando en un futuro, es el beneficio que otorga la Campa\u00f1a Nacional \u201cSeptiembre Mes del Testamento\u201d, que pone en marcha el Ayuntamiento de Boca del R\u00edo y el DIF Municipal.<\/p>\n\n\n\n<p>Por ello, el Alcalde Juan Manuel Un\u00e1nue Abascal, coment\u00f3 que el testamento, es un instrumento legal en el que se manifiesta la voluntad sobre el destino que tendr\u00e1n los bienes y derechos para despu\u00e9s de nuestra muerte.<\/p>\n\n\n\n<p>\u201cLa elaboraci\u00f3n de un testamento, tambi\u00e9n puede ser un acto de amor hacia nuestros familiares, pues el documento evita tr\u00e1mite, evita gastos y molestias innecesarias a los herederos de cualquier persona\u201d.<\/p>\n\n\n\n<p>Recalcando, que es la herramienta ideal para garantizar la seguridad jur\u00eddica de nuestros seres queridos.<\/p>\n\n\n\n<p>\u201cA partir de hoy y durante todo septiembre, pueden acercarse a las oficinas del DIF Municipal, en horario de 9 a 2 de la tarde, con nuestros abogados de la Procuradur\u00eda de las Ni\u00f1as, Ni\u00f1os y Adolescentes, para recibir consulta jur\u00eddica completamente gratuita, y despu\u00e9s, puedan ser canalizados con las notar\u00edas correspondientes\u201d, inform\u00f3 el Presidente Municipal.<\/p>\n\n\n\n<p>Ante Ediles y Autoridades Municipales, Un\u00e1nue Abascal, reflexion\u00f3 y abund\u00f3, que es un tema que se debe tener en cuenta a cualquier edad, pero especialmente en la vejez, por que forjar un patrimonio, \u201cno se lleva a cabo de la noche a la ma\u00f1ana\u201d.<\/p>\n\n\n\n<p>\u201cPor eso, hoy primero de septiembre, hacemos la invitaci\u00f3n a cada boque\u00f1a y boque\u00f1o, que busque brindar a sus seres queridos, seguridad patrimonial para ellos y sus familias, no heredando problemas\u201d.<\/p>\n\n\n\n<p>Finalmente, el Presidente Municipal, Juan Manuel Un\u00e1nue Abascal, enfatiz\u00f3 que con esta certeza jur\u00eddica expresada a trav\u00e9s del testamento, se tiene la oportunidad de designar a una o varias personas para que estas mantengan o conserven parte de sus bienes e ingresos, con la ventaja de ordenar y poner en regla sus documentos.<\/p>\n\n\n\n<p><em>Requisitos<\/em><\/p>\n\n\n\n<p>-Identificaci\u00f3n oficial vigente<br>-Acta de nacimiento<br>-Acta de matrimonio<br>-CURP<\/p>\n","protected":false},"excerpt":{"rendered":"<p>*Con el testamento, se busca que las boque\u00f1as y boque\u00f1os tengan seguridad patrimonial. Boca del R\u00edo, Ver.- Garantizar y ordenar los bienes pensando en un futuro, es el beneficio que otorga la Campa\u00f1a Nacional \u201cSeptiembre Mes del Testamento\u201d, que pone en marcha el Ayuntamiento de Boca del R\u00edo y el DIF Municipal. Por ello, el [&hellip;]<\/p>\n","protected":false},"author":1,"featured_media":31233,"comment_status":"open","ping_status":"open","sticky":false,"template":"","format":"standard","meta":{"_jetpack_memberships_contains_paid_content":false,"footnotes":""},"categories":[2],"tags":[],"class_list":["post-31232","post","type-post","status-publish","format-standard","has-post-thumbnail","hentry","category-estado"],"jetpack_featured_media_url":"https:\/\/encuentroinformativo.com.mx\/wp-content\/uploads\/2022\/09\/C1FDD4B9-9F5B-4D58-9BF2-34734A954182.jpeg","jetpack_sharing_enabled":true,"jetpack_likes_enabled":true,"amp_enabled":true,"_links":{"self":[{"href":"https:\/\/encuentroinformativo.com.mx\/index.php?rest_route=\/wp\/v2\/posts\/31232","targetHints":{"allow":["GET"]}}],"collection":[{"href":"https:\/\/encuentroinformativo.com.mx\/index.php?rest_route=\/wp\/v2\/posts"}],"about":[{"href":"https:\/\/encuentroinformativo.com.mx\/index.php?rest_route=\/wp\/v2\/types\/post"}],"author":[{"embeddable":true,"href":"https:\/\/encuentroinformativo.com.mx\/index.php?rest_route=\/wp\/v2\/users\/1"}],"replies":[{"embeddable":true,"href":"https:\/\/encuentroinformativo.com.mx\/index.php?rest_route=%2Fwp%2Fv2%2Fcomments&post=31232"}],"version-history":[{"count":1,"href":"https:\/\/encuentroinformativo.com.mx\/index.php?rest_route=\/wp\/v2\/posts\/31232\/revisions"}],"predecessor-version":[{"id":31234,"href":"https:\/\/encuentroinformativo.com.mx\/index.php?rest_route=\/wp\/v2\/posts\/31232\/revisions\/31234"}],"wp:featuredmedia":[{"embeddable":true,"href":"https:\/\/encuentroinformativo.com.mx\/index.php?rest_route=\/wp\/v2\/media\/31233"}],"wp:attachment":[{"href":"https:\/\/encuentroinformativo.com.mx\/index.php?rest_route=%2Fwp%2Fv2%2Fmedia&parent=31232"}],"wp:term":[{"taxonomy":"category","embeddable":true,"href":"https:\/\/encuentroinformativo.com.mx\/index.php?rest_route=%2Fwp%2Fv2%2Fcategories&post=31232"},{"taxonomy":"post_tag","embeddable":true,"href":"https:\/\/encuentroinformativo.com.mx\/index.php?rest_route=%2Fwp%2Fv2%2Ftags&post=31232"}],"curies":[{"name":"wp","href":"https:\/\/api.w.org\/{rel}","templated":true}]}}