{"id":31238,"date":"2022-09-02T09:56:10","date_gmt":"2022-09-02T14:56:10","guid":{"rendered":"https:\/\/encuentroinformativo.com.mx\/?p=31238"},"modified":"2022-09-02T09:56:13","modified_gmt":"2022-09-02T14:56:13","slug":"trailer-atropella-a-familia-en-colinas-de-santa-fe","status":"publish","type":"post","link":"https:\/\/encuentroinformativo.com.mx\/?p=31238","title":{"rendered":"Tr\u00e1iler atropella a familia en Colinas de Santa Fe"},"content":{"rendered":"\n<p><strong>Alejandro \u00c1vila<\/strong><\/p>\n\n\n\n<p>Veracruz, Ver.- La ma\u00f1ana de este viernes se registr\u00f3 un fatal accidente en la autopista Veracruz &#8211; Xalapa altura de la colonia Colinas de Santa Fe.<\/p>\n\n\n\n<p>Los reportes indican que una familia a bordo de una motocicleta se dispon\u00eda a tomar la carretera en direcci\u00f3n norte a sur, cu\u00e1ndo fue arrollada por un tr\u00e1iler.<\/p>\n\n\n\n<p>El conductor del veh\u00edculo se dio a la fuga y m\u00e1s tarde dej\u00f3 abandonada la unidad para poder huir del lugar, hasta el momento, el chofer no ha sido identificado.<\/p>\n\n\n\n<p>A bordo de la motocicleta ven\u00eda un hombre y una mujer qui\u00e9nes presuntamente llevaban a su peque\u00f1a de 6 a\u00f1os hacia la escuela; el padre y la peque\u00f1a fallecieron tras el impacto, mientras que la madre fue trasladado a un hospital de la zona con estado de salud grave.<\/p>\n\n\n\n<p>Al lugar acudieron elementos de la Guardia Nacional divisi\u00f3n Caminos, qui\u00e9nes acordonaron el \u00e1rea y prepararon el espacio para los trabajos de Servicios Periciales; la circulaci\u00f3n en esa zona se mantiene cerrada.<\/p>\n\n\n\n<figure class=\"wp-block-image size-large\"><img loading=\"lazy\" decoding=\"async\" width=\"1024\" height=\"576\" src=\"https:\/\/encuentroinformativo.com.mx\/wp-content\/uploads\/2022\/09\/7E3E03E2-E102-497D-BF35-0A63027F23FC-1024x576.jpeg\" alt=\"\" class=\"wp-image-31240\" srcset=\"https:\/\/encuentroinformativo.com.mx\/wp-content\/uploads\/2022\/09\/7E3E03E2-E102-497D-BF35-0A63027F23FC-1024x576.jpeg 1024w, https:\/\/encuentroinformativo.com.mx\/wp-content\/uploads\/2022\/09\/7E3E03E2-E102-497D-BF35-0A63027F23FC-300x169.jpeg 300w, https:\/\/encuentroinformativo.com.mx\/wp-content\/uploads\/2022\/09\/7E3E03E2-E102-497D-BF35-0A63027F23FC-768x432.jpeg 768w, https:\/\/encuentroinformativo.com.mx\/wp-content\/uploads\/2022\/09\/7E3E03E2-E102-497D-BF35-0A63027F23FC-1536x864.jpeg 1536w, https:\/\/encuentroinformativo.com.mx\/wp-content\/uploads\/2022\/09\/7E3E03E2-E102-497D-BF35-0A63027F23FC.jpeg 1599w\" sizes=\"auto, (max-width: 1024px) 100vw, 1024px\" \/><\/figure>\n","protected":false},"excerpt":{"rendered":"<p>Alejandro \u00c1vila Veracruz, Ver.- La ma\u00f1ana de este viernes se registr\u00f3 un fatal accidente en la autopista Veracruz &#8211; Xalapa altura de la colonia Colinas de Santa Fe. Los reportes indican que una familia a bordo de una motocicleta se dispon\u00eda a tomar la carretera en direcci\u00f3n norte a sur, cu\u00e1ndo fue arrollada por un [&hellip;]<\/p>\n","protected":false},"author":1,"featured_media":31239,"comment_status":"open","ping_status":"open","sticky":false,"template":"","format":"standard","meta":{"_jetpack_memberships_contains_paid_content":false,"footnotes":""},"categories":[2],"tags":[],"class_list":["post-31238","post","type-post","status-publish","format-standard","has-post-thumbnail","hentry","category-estado"],"jetpack_featured_media_url":"https:\/\/encuentroinformativo.com.mx\/wp-content\/uploads\/2022\/09\/2E203D7C-A5D5-42E8-B37E-1DB93940DF7A.jpeg","jetpack_sharing_enabled":true,"jetpack_likes_enabled":true,"amp_enabled":true,"_links":{"self":[{"href":"https:\/\/encuentroinformativo.com.mx\/index.php?rest_route=\/wp\/v2\/posts\/31238","targetHints":{"allow":["GET"]}}],"collection":[{"href":"https:\/\/encuentroinformativo.com.mx\/index.php?rest_route=\/wp\/v2\/posts"}],"about":[{"href":"https:\/\/encuentroinformativo.com.mx\/index.php?rest_route=\/wp\/v2\/types\/post"}],"author":[{"embeddable":true,"href":"https:\/\/encuentroinformativo.com.mx\/index.php?rest_route=\/wp\/v2\/users\/1"}],"replies":[{"embeddable":true,"href":"https:\/\/encuentroinformativo.com.mx\/index.php?rest_route=%2Fwp%2Fv2%2Fcomments&post=31238"}],"version-history":[{"count":1,"href":"https:\/\/encuentroinformativo.com.mx\/index.php?rest_route=\/wp\/v2\/posts\/31238\/revisions"}],"predecessor-version":[{"id":31241,"href":"https:\/\/encuentroinformativo.com.mx\/index.php?rest_route=\/wp\/v2\/posts\/31238\/revisions\/31241"}],"wp:featuredmedia":[{"embeddable":true,"href":"https:\/\/encuentroinformativo.com.mx\/index.php?rest_route=\/wp\/v2\/media\/31239"}],"wp:attachment":[{"href":"https:\/\/encuentroinformativo.com.mx\/index.php?rest_route=%2Fwp%2Fv2%2Fmedia&parent=31238"}],"wp:term":[{"taxonomy":"category","embeddable":true,"href":"https:\/\/encuentroinformativo.com.mx\/index.php?rest_route=%2Fwp%2Fv2%2Fcategories&post=31238"},{"taxonomy":"post_tag","embeddable":true,"href":"https:\/\/encuentroinformativo.com.mx\/index.php?rest_route=%2Fwp%2Fv2%2Ftags&post=31238"}],"curies":[{"name":"wp","href":"https:\/\/api.w.org\/{rel}","templated":true}]}}