{"id":31242,"date":"2022-09-02T12:09:45","date_gmt":"2022-09-02T17:09:45","guid":{"rendered":"https:\/\/encuentroinformativo.com.mx\/?p=31242"},"modified":"2022-09-02T12:09:49","modified_gmt":"2022-09-02T17:09:49","slug":"grupo-mas-cobra-a-usuarios-pero-no-aporta-recursos-al-pico-de-orizaba","status":"publish","type":"post","link":"https:\/\/encuentroinformativo.com.mx\/?p=31242","title":{"rendered":"Grupo MAS cobra a usuarios pero no aporta recursos al Pico de Orizaba"},"content":{"rendered":"\n<p><strong>Alejandro \u00c1vila<\/strong><\/p>\n\n\n\n<p>Boca del R\u00edo, Ver.- El coordinador de Salvemos al Pico de Orizaba, Ricardo Rodr\u00edguez Dem\u00e9neghi, neg\u00f3 que reciban recurso econ\u00f3mico por parte de la empresa que administra el agua en Veracruz y Medell\u00edn de Bravo, Grupo MAS; a pesar de que est\u00e1 cobra en sus recibos un supuesto apoyo para el Parque Nacional.<\/p>\n\n\n\n<p>Desde la creaci\u00f3n de la empresa Grupo MAS, en julio del 2016, a los usuarios de los municipios de Medell\u00edn de Bravo y Veracruz se les cobra una aportaci\u00f3n extra por la protecci\u00f3n y atenci\u00f3n del Pico de Orizaba, monto econ\u00f3mico que desde esa fecha no ha sido entregado al Parque Nacional, y que a la fecha suma varios millones de pesos.<\/p>\n\n\n\n<p>&#8220;No, al Parque Nacional Pico de Orizaba, a la zona de influencia del Parque Nacional del Pico de Orizaba, el Grupo MAS ha aportado cero pesos (\u2026) ahorita estamos sin recursos por parte de lo que era Veracruz, Boca del R\u00edo y Medell\u00edn, pero hay empresas industriales que apoyan con actividades, pero es insuficiente, si pudi\u00e9ramos aprovechar el m\u00e1ximo de recursos, yo le digo, una persona que tiene un sueldo, es un hacha menos qu\u00e9 se para, y es litros, metros c\u00fabicos de agua para ustedes, aqu\u00ed en la desembocadura&#8221;, apunt\u00f3.<\/p>\n\n\n\n<p>Rodr\u00edguez Dem\u00e9negui aclar\u00f3 que, s\u00ed bien la tala de \u00e1rboles es una situaci\u00f3n que afectar\u00e1 a las cuencas de los r\u00edos, est\u00e1 se da por la desaparici\u00f3n de programas federales, estatales y municipales de autoempleo.<\/p>\n\n\n\n<p>&#8220;La gente de all\u00e1 arriba no es mala, tiene hambre, tiene necesidad de qu\u00e9 se le lleve trabajo, cuando los proyectos estaban trabajando correctamente se detuvo la tala, porque la gente trabajaba en la recuperaci\u00f3n del Parque Pico de Orizaba. Ahora que no hay dinero, ahora que no hay programas del Gobierno Estatal, Federal, ni Municipal, pues hay un recurso que hay que utilizar, y es la madera&#8221;, remat\u00f3.<\/p>\n","protected":false},"excerpt":{"rendered":"<p>Alejandro \u00c1vila Boca del R\u00edo, Ver.- El coordinador de Salvemos al Pico de Orizaba, Ricardo Rodr\u00edguez Dem\u00e9neghi, neg\u00f3 que reciban recurso econ\u00f3mico por parte de la empresa que administra el agua en Veracruz y Medell\u00edn de Bravo, Grupo MAS; a pesar de que est\u00e1 cobra en sus recibos un supuesto apoyo para el Parque Nacional. [&hellip;]<\/p>\n","protected":false},"author":1,"featured_media":31243,"comment_status":"open","ping_status":"open","sticky":false,"template":"","format":"standard","meta":{"_jetpack_memberships_contains_paid_content":false,"footnotes":""},"categories":[2],"tags":[],"class_list":["post-31242","post","type-post","status-publish","format-standard","has-post-thumbnail","hentry","category-estado"],"jetpack_featured_media_url":"https:\/\/encuentroinformativo.com.mx\/wp-content\/uploads\/2022\/09\/50A68CDE-929F-4FAE-8434-980F0914E9F6.jpeg","jetpack_sharing_enabled":true,"jetpack_likes_enabled":true,"amp_enabled":true,"_links":{"self":[{"href":"https:\/\/encuentroinformativo.com.mx\/index.php?rest_route=\/wp\/v2\/posts\/31242","targetHints":{"allow":["GET"]}}],"collection":[{"href":"https:\/\/encuentroinformativo.com.mx\/index.php?rest_route=\/wp\/v2\/posts"}],"about":[{"href":"https:\/\/encuentroinformativo.com.mx\/index.php?rest_route=\/wp\/v2\/types\/post"}],"author":[{"embeddable":true,"href":"https:\/\/encuentroinformativo.com.mx\/index.php?rest_route=\/wp\/v2\/users\/1"}],"replies":[{"embeddable":true,"href":"https:\/\/encuentroinformativo.com.mx\/index.php?rest_route=%2Fwp%2Fv2%2Fcomments&post=31242"}],"version-history":[{"count":1,"href":"https:\/\/encuentroinformativo.com.mx\/index.php?rest_route=\/wp\/v2\/posts\/31242\/revisions"}],"predecessor-version":[{"id":31244,"href":"https:\/\/encuentroinformativo.com.mx\/index.php?rest_route=\/wp\/v2\/posts\/31242\/revisions\/31244"}],"wp:featuredmedia":[{"embeddable":true,"href":"https:\/\/encuentroinformativo.com.mx\/index.php?rest_route=\/wp\/v2\/media\/31243"}],"wp:attachment":[{"href":"https:\/\/encuentroinformativo.com.mx\/index.php?rest_route=%2Fwp%2Fv2%2Fmedia&parent=31242"}],"wp:term":[{"taxonomy":"category","embeddable":true,"href":"https:\/\/encuentroinformativo.com.mx\/index.php?rest_route=%2Fwp%2Fv2%2Fcategories&post=31242"},{"taxonomy":"post_tag","embeddable":true,"href":"https:\/\/encuentroinformativo.com.mx\/index.php?rest_route=%2Fwp%2Fv2%2Ftags&post=31242"}],"curies":[{"name":"wp","href":"https:\/\/api.w.org\/{rel}","templated":true}]}}