{"id":31250,"date":"2022-09-02T12:22:14","date_gmt":"2022-09-02T17:22:14","guid":{"rendered":"https:\/\/encuentroinformativo.com.mx\/?p=31250"},"modified":"2022-09-02T12:22:18","modified_gmt":"2022-09-02T17:22:18","slug":"diputados-desdenan-a-la-uv-en-foro-agua-para-veracruz","status":"publish","type":"post","link":"https:\/\/encuentroinformativo.com.mx\/?p=31250","title":{"rendered":"Diputados desde\u00f1an a la UV en Foro &#8220;Agua para Veracruz&#8221;"},"content":{"rendered":"\n<p><strong>Alejandra \u00c1vila<\/strong><\/p>\n\n\n\n<p>Boca del R\u00edo, Ver.- Los diputados locales de la comisi\u00f3n de Agua Potable, Medio Ambiente y Agenda 2030, desde\u00f1aron la invitaci\u00f3n de la Universidad Veracruzana para el Foro &#8220;Agua para Veracruz: Construyendo Soluciones Sostenibles&#8221;.<\/p>\n\n\n\n<p>El evento que fue organizado por las facultades de Ingenier\u00eda Mec\u00e1nica y Ciencias Navales, Ciencias y T\u00e9cnicas de la Comunicaci\u00f3n e Instituto de Tecnolog\u00eda en la USBI de Boca del R\u00edo, solo cont\u00f3 con la presencia de la legisladora veracruzana, Anil\u00fa Ingram Vallines, Qui\u00e9n es secretario de la comisi\u00f3n especial para el seguimiento de la Agenda 2030.<\/p>\n\n\n\n<p>Ha dicho evento tambi\u00e9n fueron invitados los diputados morenistas: Fernando Arteaga Aponte, Tania Mar\u00eda Cruz Mej\u00eda, Gisela L\u00f3pez L\u00f3pez, Paul Mart\u00ednez Mar\u00ede, Antonio Luna Rosales, Magaly Armenta Oliveros y Sergio Lenin Guzm\u00e1n Ricardez; adem\u00e1s de los panistas, Nora Jessica Lagunes J\u00e1uregui y Enrique Cambranis Torres; al igual que el priista, Marlon Ram\u00edrez Mar\u00edn.<\/p>\n\n\n\n<p>&#8220;Es fundamental escucharlos para generar acciones que traigan soluciones sostenibles el d\u00eda de ma\u00f1ana, dentro de las cifras alarmantes qu\u00e9 hay, por ejemplo el 2030 est\u00e1 a la vuelta de la esquina pr\u00e1cticamente, y si seguimos en este camino, pues el escenario no pinta nada bien para este 2030&#8221;.<\/p>\n\n\n\n<p>&#8220;En Veracruz somos un estado muy rico en recursos naturales, en recursos h\u00eddricos, pero justamente derivado de ello es que es muy disperso entre 212 municipios, m\u00e1s de 22 mil localidades, m\u00e1s de 700 kil\u00f3metros de Costa, 9 zonas metropolitanas, que \u00bfque sucede?, es un gran desaf\u00edo la generaci\u00f3n de pol\u00edticas p\u00fablicas que sean eficientes y que sean eficaces, entonces cada uno tenemos que hacer justamente la parte que nos toca&#8221;, declar\u00f3 Anil\u00fa Ingram Vallines.<\/p>\n\n\n\n<p>La diputada priista mencion\u00f3 que, recopilar\u00e1 la informaci\u00f3n de los investigadores de la Universidad Veracruzana, para presentar un proyecto ante el Congreso Local, con la finalidad de mejorar y robustecer la Agenda 2030 para la entidad veracruzana.<\/p>\n","protected":false},"excerpt":{"rendered":"<p>Alejandra \u00c1vila Boca del R\u00edo, Ver.- Los diputados locales de la comisi\u00f3n de Agua Potable, Medio Ambiente y Agenda 2030, desde\u00f1aron la invitaci\u00f3n de la Universidad Veracruzana para el Foro &#8220;Agua para Veracruz: Construyendo Soluciones Sostenibles&#8221;. El evento que fue organizado por las facultades de Ingenier\u00eda Mec\u00e1nica y Ciencias Navales, Ciencias y T\u00e9cnicas de la [&hellip;]<\/p>\n","protected":false},"author":1,"featured_media":31251,"comment_status":"open","ping_status":"open","sticky":false,"template":"","format":"standard","meta":{"_jetpack_memberships_contains_paid_content":false,"footnotes":""},"categories":[2],"tags":[],"class_list":["post-31250","post","type-post","status-publish","format-standard","has-post-thumbnail","hentry","category-estado"],"jetpack_featured_media_url":"https:\/\/encuentroinformativo.com.mx\/wp-content\/uploads\/2022\/09\/5D3A07D8-9025-4D30-A483-FB4935F87425.jpeg","jetpack_sharing_enabled":true,"jetpack_likes_enabled":true,"amp_enabled":true,"_links":{"self":[{"href":"https:\/\/encuentroinformativo.com.mx\/index.php?rest_route=\/wp\/v2\/posts\/31250","targetHints":{"allow":["GET"]}}],"collection":[{"href":"https:\/\/encuentroinformativo.com.mx\/index.php?rest_route=\/wp\/v2\/posts"}],"about":[{"href":"https:\/\/encuentroinformativo.com.mx\/index.php?rest_route=\/wp\/v2\/types\/post"}],"author":[{"embeddable":true,"href":"https:\/\/encuentroinformativo.com.mx\/index.php?rest_route=\/wp\/v2\/users\/1"}],"replies":[{"embeddable":true,"href":"https:\/\/encuentroinformativo.com.mx\/index.php?rest_route=%2Fwp%2Fv2%2Fcomments&post=31250"}],"version-history":[{"count":1,"href":"https:\/\/encuentroinformativo.com.mx\/index.php?rest_route=\/wp\/v2\/posts\/31250\/revisions"}],"predecessor-version":[{"id":31252,"href":"https:\/\/encuentroinformativo.com.mx\/index.php?rest_route=\/wp\/v2\/posts\/31250\/revisions\/31252"}],"wp:featuredmedia":[{"embeddable":true,"href":"https:\/\/encuentroinformativo.com.mx\/index.php?rest_route=\/wp\/v2\/media\/31251"}],"wp:attachment":[{"href":"https:\/\/encuentroinformativo.com.mx\/index.php?rest_route=%2Fwp%2Fv2%2Fmedia&parent=31250"}],"wp:term":[{"taxonomy":"category","embeddable":true,"href":"https:\/\/encuentroinformativo.com.mx\/index.php?rest_route=%2Fwp%2Fv2%2Fcategories&post=31250"},{"taxonomy":"post_tag","embeddable":true,"href":"https:\/\/encuentroinformativo.com.mx\/index.php?rest_route=%2Fwp%2Fv2%2Ftags&post=31250"}],"curies":[{"name":"wp","href":"https:\/\/api.w.org\/{rel}","templated":true}]}}