{"id":31260,"date":"2022-09-02T15:50:31","date_gmt":"2022-09-02T20:50:31","guid":{"rendered":"https:\/\/encuentroinformativo.com.mx\/?p=31260"},"modified":"2022-09-02T15:50:35","modified_gmt":"2022-09-02T20:50:35","slug":"registra-nuevo-incremento-precio-de-tortilla","status":"publish","type":"post","link":"https:\/\/encuentroinformativo.com.mx\/?p=31260","title":{"rendered":"Registra nuevo incremento precio de tortilla"},"content":{"rendered":"\n<p><strong>Juan Arcos<\/strong><\/p>\n\n\n\n<p>Xalapa, Ver.- En los \u00faltimos meses ha subido hasta tres o cuatro pesos el kilogramo de la tortilla en el estado de Veracruz y se prev\u00e9 un mayor incremento en lo que resta de este a\u00f1o.<\/p>\n\n\n\n<p>De acuerdo con el dirigente de la Uni\u00f3n General Obrera Campesina y Popular (Ugocp), Luis G\u00f3mez Garay, este alimento b\u00e1sico se ha encarecido por varios factores, como la disminuci\u00f3n de la producci\u00f3n y el acaparamiento del producto por parte de grandes compradores.<\/p>\n\n\n\n<p>Lo anterior ha generado que tambi\u00e9n aumente el precio del ma\u00edz a nivel nacional, mismo que ocasiona una afectaci\u00f3n econ\u00f3mica a los empresarios de la tortilla y a los consumidores finales.<\/p>\n\n\n\n<p>\u201cEstamos siendo v\u00edctimas de una ca\u00edda en la producci\u00f3n y del incremento artificial en los precios del ma\u00edz porque especuladores y acaparadores est\u00e1n guardando el ma\u00edz para incrementar el precio&#8221;, expres\u00f3.<\/p>\n\n\n\n<p>El precio de la tortilla subi\u00f3 un peso a partir del jueves 1\u00ba de septiembre en distintos municipios de Veracruz.<\/p>\n\n\n\n<p>En esta ciudad de Xalapa pas\u00f3 de los 17 a 18 pesos. Mientras que en otros lugares supera los 20 pesos el kilogramo.\u00a0<br>Desde enero de este 2022 ha ido en aumento el precio de la tortilla. En algunos lugares costaba 13 o 14 pesos y despu\u00e9s alcanz\u00f3 los 18 pesos.<\/p>\n\n\n\n<p>G\u00f3mez Garay opin\u00f3 que el sector campesino es el menos beneficiado con el encarecimiento del ma\u00edz y la tortilla.<\/p>\n\n\n\n<p>&#8220;Es m\u00e1s negocio ser revendedor, pero el gobierno no ha entendido que necesitamos reorientar la industria\u201d, finaliz\u00f3.<\/p>\n","protected":false},"excerpt":{"rendered":"<p>Juan Arcos Xalapa, Ver.- En los \u00faltimos meses ha subido hasta tres o cuatro pesos el kilogramo de la tortilla en el estado de Veracruz y se prev\u00e9 un mayor incremento en lo que resta de este a\u00f1o. De acuerdo con el dirigente de la Uni\u00f3n General Obrera Campesina y Popular (Ugocp), Luis G\u00f3mez Garay, [&hellip;]<\/p>\n","protected":false},"author":1,"featured_media":15565,"comment_status":"open","ping_status":"open","sticky":false,"template":"","format":"standard","meta":{"_jetpack_memberships_contains_paid_content":false,"footnotes":""},"categories":[2],"tags":[],"class_list":["post-31260","post","type-post","status-publish","format-standard","has-post-thumbnail","hentry","category-estado"],"jetpack_featured_media_url":"https:\/\/encuentroinformativo.com.mx\/wp-content\/uploads\/2021\/06\/91693445-D312-4A5E-9022-979C17D814B2.jpeg","jetpack_sharing_enabled":true,"jetpack_likes_enabled":true,"amp_enabled":true,"_links":{"self":[{"href":"https:\/\/encuentroinformativo.com.mx\/index.php?rest_route=\/wp\/v2\/posts\/31260","targetHints":{"allow":["GET"]}}],"collection":[{"href":"https:\/\/encuentroinformativo.com.mx\/index.php?rest_route=\/wp\/v2\/posts"}],"about":[{"href":"https:\/\/encuentroinformativo.com.mx\/index.php?rest_route=\/wp\/v2\/types\/post"}],"author":[{"embeddable":true,"href":"https:\/\/encuentroinformativo.com.mx\/index.php?rest_route=\/wp\/v2\/users\/1"}],"replies":[{"embeddable":true,"href":"https:\/\/encuentroinformativo.com.mx\/index.php?rest_route=%2Fwp%2Fv2%2Fcomments&post=31260"}],"version-history":[{"count":1,"href":"https:\/\/encuentroinformativo.com.mx\/index.php?rest_route=\/wp\/v2\/posts\/31260\/revisions"}],"predecessor-version":[{"id":31261,"href":"https:\/\/encuentroinformativo.com.mx\/index.php?rest_route=\/wp\/v2\/posts\/31260\/revisions\/31261"}],"wp:featuredmedia":[{"embeddable":true,"href":"https:\/\/encuentroinformativo.com.mx\/index.php?rest_route=\/wp\/v2\/media\/15565"}],"wp:attachment":[{"href":"https:\/\/encuentroinformativo.com.mx\/index.php?rest_route=%2Fwp%2Fv2%2Fmedia&parent=31260"}],"wp:term":[{"taxonomy":"category","embeddable":true,"href":"https:\/\/encuentroinformativo.com.mx\/index.php?rest_route=%2Fwp%2Fv2%2Fcategories&post=31260"},{"taxonomy":"post_tag","embeddable":true,"href":"https:\/\/encuentroinformativo.com.mx\/index.php?rest_route=%2Fwp%2Fv2%2Ftags&post=31260"}],"curies":[{"name":"wp","href":"https:\/\/api.w.org\/{rel}","templated":true}]}}