{"id":31262,"date":"2022-09-02T16:27:25","date_gmt":"2022-09-02T21:27:25","guid":{"rendered":"https:\/\/encuentroinformativo.com.mx\/?p=31262"},"modified":"2022-09-02T16:27:29","modified_gmt":"2022-09-02T21:27:29","slug":"descarta-alcaldesa-de-veracruz-desfile-del-16-de-septiembre","status":"publish","type":"post","link":"https:\/\/encuentroinformativo.com.mx\/?p=31262","title":{"rendered":"Descarta alcaldesa de Veracruz desfile del 16 de septiembre"},"content":{"rendered":"\n<p><strong>Alejandro \u00c1vila<\/strong><\/p>\n\n\n\n<p>Veracruz, Ver.- La alcaldesa de Veracruz, Patricia Lobeira Rodr\u00edguez confirm\u00f3 que, el pr\u00f3ximo 16 de septiembre no habr\u00e1 desfile conmemorativo por la Independencia de M\u00e9xico; al tiempo que dijo desconocer el motivo por el cual no se realizar\u00e1, ya que esa organizaci\u00f3n le corresponde a la Secretar\u00eda de la Defensa Nacional (SEDENA).<\/p>\n\n\n\n<p>La edil panista dijo que, tras dos a\u00f1os de ausencia, finalmente se volver\u00e1 a celebrar el grito de Independencia en el Z\u00f3calo de Veracruz de manera presencial.<\/p>\n\n\n\n<p>&#8220;No va a haber desfile, va a haber nada m\u00e1s honores a la bandera (\u2026) en el z\u00f3calo de la ciudad (\u2026) no, es en conjunto con las fuerzas del orden, ah\u00ed vamos a estar con las fuerzas armadas, y estamos muy contentos de invitar a la ciudadan\u00eda a nuestro Grito de Independencia este 15 de septiembre a partir de las 8 de la noche, en el Z\u00f3calo de nuestra ciudad&#8221;, apunt\u00f3.<\/p>\n\n\n\n<p>Patricia Lobeira mencion\u00f3 que, a partir de las 8 de la noche iniciar\u00e1n las actividades con el Ballet Tlaneci, posteriormente se presentar\u00e1 el Ballet de la Universidad Veracruzana, el Grito de Independencia se dar\u00e1 a las 11 de la noche, y aproximadamente a las 11:30 de la noche, dar\u00e1 un concierto &#8220;La Sonora Dinamita&#8221;.<\/p>\n\n\n\n<p>A la presidenta municipal mencion\u00f3 que como es un evento al aire libre, las personas estar\u00e1n exentas de llevar cubrebocas; sin embargo, tambi\u00e9n podr\u00e1n portarlo quienes as\u00ed gusten.<\/p>\n","protected":false},"excerpt":{"rendered":"<p>Alejandro \u00c1vila Veracruz, Ver.- La alcaldesa de Veracruz, Patricia Lobeira Rodr\u00edguez confirm\u00f3 que, el pr\u00f3ximo 16 de septiembre no habr\u00e1 desfile conmemorativo por la Independencia de M\u00e9xico; al tiempo que dijo desconocer el motivo por el cual no se realizar\u00e1, ya que esa organizaci\u00f3n le corresponde a la Secretar\u00eda de la Defensa Nacional (SEDENA). La [&hellip;]<\/p>\n","protected":false},"author":1,"featured_media":31263,"comment_status":"open","ping_status":"open","sticky":false,"template":"","format":"standard","meta":{"_jetpack_memberships_contains_paid_content":false,"footnotes":""},"categories":[2],"tags":[],"class_list":["post-31262","post","type-post","status-publish","format-standard","has-post-thumbnail","hentry","category-estado"],"jetpack_featured_media_url":"https:\/\/encuentroinformativo.com.mx\/wp-content\/uploads\/2022\/09\/84E7C612-24B3-44E3-A830-3256D31EF001.jpeg","jetpack_sharing_enabled":true,"jetpack_likes_enabled":true,"amp_enabled":true,"_links":{"self":[{"href":"https:\/\/encuentroinformativo.com.mx\/index.php?rest_route=\/wp\/v2\/posts\/31262","targetHints":{"allow":["GET"]}}],"collection":[{"href":"https:\/\/encuentroinformativo.com.mx\/index.php?rest_route=\/wp\/v2\/posts"}],"about":[{"href":"https:\/\/encuentroinformativo.com.mx\/index.php?rest_route=\/wp\/v2\/types\/post"}],"author":[{"embeddable":true,"href":"https:\/\/encuentroinformativo.com.mx\/index.php?rest_route=\/wp\/v2\/users\/1"}],"replies":[{"embeddable":true,"href":"https:\/\/encuentroinformativo.com.mx\/index.php?rest_route=%2Fwp%2Fv2%2Fcomments&post=31262"}],"version-history":[{"count":1,"href":"https:\/\/encuentroinformativo.com.mx\/index.php?rest_route=\/wp\/v2\/posts\/31262\/revisions"}],"predecessor-version":[{"id":31264,"href":"https:\/\/encuentroinformativo.com.mx\/index.php?rest_route=\/wp\/v2\/posts\/31262\/revisions\/31264"}],"wp:featuredmedia":[{"embeddable":true,"href":"https:\/\/encuentroinformativo.com.mx\/index.php?rest_route=\/wp\/v2\/media\/31263"}],"wp:attachment":[{"href":"https:\/\/encuentroinformativo.com.mx\/index.php?rest_route=%2Fwp%2Fv2%2Fmedia&parent=31262"}],"wp:term":[{"taxonomy":"category","embeddable":true,"href":"https:\/\/encuentroinformativo.com.mx\/index.php?rest_route=%2Fwp%2Fv2%2Fcategories&post=31262"},{"taxonomy":"post_tag","embeddable":true,"href":"https:\/\/encuentroinformativo.com.mx\/index.php?rest_route=%2Fwp%2Fv2%2Ftags&post=31262"}],"curies":[{"name":"wp","href":"https:\/\/api.w.org\/{rel}","templated":true}]}}