{"id":31265,"date":"2022-09-02T16:43:35","date_gmt":"2022-09-02T21:43:35","guid":{"rendered":"https:\/\/encuentroinformativo.com.mx\/?p=31265"},"modified":"2022-09-02T16:43:39","modified_gmt":"2022-09-02T21:43:39","slug":"se-inundan-calles-de-cabecera-municipal-de-alvarado","status":"publish","type":"post","link":"https:\/\/encuentroinformativo.com.mx\/?p=31265","title":{"rendered":"Se inundan calles de cabecera municipal de Alvarado"},"content":{"rendered":"\n<p><strong>Alejandro \u00c1vila<\/strong><\/p>\n\n\n\n<p>Alvarado, Ver.- Las intensas lluvias que se han suscitado durante este viernes en la cabecera municipal de Alvarado, han provocado que las calles de la zona centro se encuentran totalmente inundadas.<\/p>\n\n\n\n<p>A decir de los afectados, uno de los problemas se debe a qu\u00e9 el colector pluvial de la calle Rockefeller ya es insuficiente; adem\u00e1s, durante la pasada administraci\u00f3n se decidi\u00f3 reducir los tragatormentas de la Prolongaci\u00f3n Juan Soto, los cuales desahogaban todas las precipitaciones a la Laguna de Alvarado.<\/p>\n\n\n\n<p>Esto provoca que toda el agua que baja de las colonias se vaya al centro de Alvarado, y se acumule e inunden el tramo entre Javier F. Zamudio y la calle Madero, afectando a negocios establecidos.<\/p>\n\n\n\n<p>&#8220;El detalle es que no tiene que acumularse el agua, el problema es que ya el colector ya est\u00e1 rebasado, es mucha la descarga de agua hacia el centro, esta agua viene hasta de la Vista Hermosa, por la carretera baja aqu\u00ed. Este colector tiene que ser m\u00e1s grande ya, mucho m\u00e1s grande, de mayor capacidad para lo que fue dise\u00f1ado inicialmente&#8221;, apunt\u00f3 el ingeniero, Erick Ayala.<\/p>\n\n\n\n<p>La Secretar\u00eda de Protecci\u00f3n Civil de Veracruz emiti\u00f3 este jueves una Alerta Gris, debido a los vientos e intensas precipitaciones pluviales que se presentar\u00e1n durante este fin de semana del 2 al 4 de septiembre.<\/p>\n","protected":false},"excerpt":{"rendered":"<p>Alejandro \u00c1vila Alvarado, Ver.- Las intensas lluvias que se han suscitado durante este viernes en la cabecera municipal de Alvarado, han provocado que las calles de la zona centro se encuentran totalmente inundadas. A decir de los afectados, uno de los problemas se debe a qu\u00e9 el colector pluvial de la calle Rockefeller ya es [&hellip;]<\/p>\n","protected":false},"author":1,"featured_media":31266,"comment_status":"open","ping_status":"open","sticky":false,"template":"","format":"standard","meta":{"_jetpack_memberships_contains_paid_content":false,"footnotes":""},"categories":[2],"tags":[],"class_list":["post-31265","post","type-post","status-publish","format-standard","has-post-thumbnail","hentry","category-estado"],"jetpack_featured_media_url":"https:\/\/encuentroinformativo.com.mx\/wp-content\/uploads\/2022\/09\/20B100B4-46E4-44C3-832A-B7FA3DD1EEEF.jpeg","jetpack_sharing_enabled":true,"jetpack_likes_enabled":true,"amp_enabled":true,"_links":{"self":[{"href":"https:\/\/encuentroinformativo.com.mx\/index.php?rest_route=\/wp\/v2\/posts\/31265","targetHints":{"allow":["GET"]}}],"collection":[{"href":"https:\/\/encuentroinformativo.com.mx\/index.php?rest_route=\/wp\/v2\/posts"}],"about":[{"href":"https:\/\/encuentroinformativo.com.mx\/index.php?rest_route=\/wp\/v2\/types\/post"}],"author":[{"embeddable":true,"href":"https:\/\/encuentroinformativo.com.mx\/index.php?rest_route=\/wp\/v2\/users\/1"}],"replies":[{"embeddable":true,"href":"https:\/\/encuentroinformativo.com.mx\/index.php?rest_route=%2Fwp%2Fv2%2Fcomments&post=31265"}],"version-history":[{"count":1,"href":"https:\/\/encuentroinformativo.com.mx\/index.php?rest_route=\/wp\/v2\/posts\/31265\/revisions"}],"predecessor-version":[{"id":31267,"href":"https:\/\/encuentroinformativo.com.mx\/index.php?rest_route=\/wp\/v2\/posts\/31265\/revisions\/31267"}],"wp:featuredmedia":[{"embeddable":true,"href":"https:\/\/encuentroinformativo.com.mx\/index.php?rest_route=\/wp\/v2\/media\/31266"}],"wp:attachment":[{"href":"https:\/\/encuentroinformativo.com.mx\/index.php?rest_route=%2Fwp%2Fv2%2Fmedia&parent=31265"}],"wp:term":[{"taxonomy":"category","embeddable":true,"href":"https:\/\/encuentroinformativo.com.mx\/index.php?rest_route=%2Fwp%2Fv2%2Fcategories&post=31265"},{"taxonomy":"post_tag","embeddable":true,"href":"https:\/\/encuentroinformativo.com.mx\/index.php?rest_route=%2Fwp%2Fv2%2Ftags&post=31265"}],"curies":[{"name":"wp","href":"https:\/\/api.w.org\/{rel}","templated":true}]}}