{"id":31270,"date":"2022-09-02T20:03:49","date_gmt":"2022-09-03T01:03:49","guid":{"rendered":"https:\/\/encuentroinformativo.com.mx\/?p=31270"},"modified":"2022-09-02T20:03:52","modified_gmt":"2022-09-03T01:03:52","slug":"rescata-pc-de-medellin-a-menor-con-disnea","status":"publish","type":"post","link":"https:\/\/encuentroinformativo.com.mx\/?p=31270","title":{"rendered":"Rescata PC de Medell\u00edn a menor con disnea"},"content":{"rendered":"\n<p><strong>Alejandro \u00c1vila<\/strong><\/p>\n\n\n\n<p>Medell\u00edn de Bravo, Ver.- El personal de Protecci\u00f3n Civil del municipio de Medell\u00edn de Bravo dio atenci\u00f3n de primeros auxilios a un menor que padec\u00eda disnea.<\/p>\n\n\n\n<p>Al n\u00famero de emergencia 911 se report\u00f3 a una mujer con un peque\u00f1o, qui\u00e9n se dirig\u00eda hacia la farmacia asustada, pues su peque\u00f1o no respiraba.<\/p>\n\n\n\n<p>Tras el reporte, personal de la direcci\u00f3n de Protecci\u00f3n Civil de Medell\u00edn de Bravo se traslad\u00f3 hacia la calle Ave de las Am\u00e9ricas esquina El Tejar, del fraccionamiento Puente Moreno, justo cerca de una farmacia, donde le brindaron los primeros auxilios.<\/p>\n\n\n\n<p>El peque\u00f1o fue identificado como Edwin Adolfo de un a\u00f1o y 9 meses de edad, el cual fue trasladado posteriormente a un hospital.<\/p>\n\n\n\n<p>&#8220;Se traslad\u00f3 de una manera muy r\u00e1pida, ya que el ni\u00f1o estaba en un estado muy cr\u00edtico, al hospital de Boca del R\u00edo&#8221;, mencion\u00f3 el director de Protecci\u00f3n Civil, Adri\u00e1n Mart\u00ednez Gayosso.<\/p>\n\n\n\n<p>El peque\u00f1o contin\u00faa bajo revisi\u00f3n en el nosocomio boque\u00f1o.<\/p>\n","protected":false},"excerpt":{"rendered":"<p>Alejandro \u00c1vila Medell\u00edn de Bravo, Ver.- El personal de Protecci\u00f3n Civil del municipio de Medell\u00edn de Bravo dio atenci\u00f3n de primeros auxilios a un menor que padec\u00eda disnea. Al n\u00famero de emergencia 911 se report\u00f3 a una mujer con un peque\u00f1o, qui\u00e9n se dirig\u00eda hacia la farmacia asustada, pues su peque\u00f1o no respiraba. Tras el [&hellip;]<\/p>\n","protected":false},"author":1,"featured_media":31271,"comment_status":"open","ping_status":"open","sticky":false,"template":"","format":"standard","meta":{"_jetpack_memberships_contains_paid_content":false,"footnotes":""},"categories":[9],"tags":[],"class_list":["post-31270","post","type-post","status-publish","format-standard","has-post-thumbnail","hentry","category-salud"],"jetpack_featured_media_url":"https:\/\/encuentroinformativo.com.mx\/wp-content\/uploads\/2022\/09\/A1465B9A-572C-4C51-87CA-7A98752155E2.jpeg","jetpack_sharing_enabled":true,"jetpack_likes_enabled":true,"amp_enabled":true,"_links":{"self":[{"href":"https:\/\/encuentroinformativo.com.mx\/index.php?rest_route=\/wp\/v2\/posts\/31270","targetHints":{"allow":["GET"]}}],"collection":[{"href":"https:\/\/encuentroinformativo.com.mx\/index.php?rest_route=\/wp\/v2\/posts"}],"about":[{"href":"https:\/\/encuentroinformativo.com.mx\/index.php?rest_route=\/wp\/v2\/types\/post"}],"author":[{"embeddable":true,"href":"https:\/\/encuentroinformativo.com.mx\/index.php?rest_route=\/wp\/v2\/users\/1"}],"replies":[{"embeddable":true,"href":"https:\/\/encuentroinformativo.com.mx\/index.php?rest_route=%2Fwp%2Fv2%2Fcomments&post=31270"}],"version-history":[{"count":1,"href":"https:\/\/encuentroinformativo.com.mx\/index.php?rest_route=\/wp\/v2\/posts\/31270\/revisions"}],"predecessor-version":[{"id":31272,"href":"https:\/\/encuentroinformativo.com.mx\/index.php?rest_route=\/wp\/v2\/posts\/31270\/revisions\/31272"}],"wp:featuredmedia":[{"embeddable":true,"href":"https:\/\/encuentroinformativo.com.mx\/index.php?rest_route=\/wp\/v2\/media\/31271"}],"wp:attachment":[{"href":"https:\/\/encuentroinformativo.com.mx\/index.php?rest_route=%2Fwp%2Fv2%2Fmedia&parent=31270"}],"wp:term":[{"taxonomy":"category","embeddable":true,"href":"https:\/\/encuentroinformativo.com.mx\/index.php?rest_route=%2Fwp%2Fv2%2Fcategories&post=31270"},{"taxonomy":"post_tag","embeddable":true,"href":"https:\/\/encuentroinformativo.com.mx\/index.php?rest_route=%2Fwp%2Fv2%2Ftags&post=31270"}],"curies":[{"name":"wp","href":"https:\/\/api.w.org\/{rel}","templated":true}]}}