{"id":31273,"date":"2022-09-02T20:11:22","date_gmt":"2022-09-03T01:11:22","guid":{"rendered":"https:\/\/encuentroinformativo.com.mx\/?p=31273"},"modified":"2022-09-02T20:11:27","modified_gmt":"2022-09-03T01:11:27","slug":"preparan-festejos-en-naolinco-esperan-empresarios-buena-temporada","status":"publish","type":"post","link":"https:\/\/encuentroinformativo.com.mx\/?p=31273","title":{"rendered":"Preparan festejos en Naolinco; esperan empresarios buena temporada"},"content":{"rendered":"\n<p><strong>Dar\u00edo Pale <\/strong><\/p>\n\n\n\n<p>Xalapa, Ver.- Carlos Alberto Meza Ba\u00f1uelos, presidente de la Uni\u00f3n de Empresarios Hoteleros de la Regi\u00f3n Cultura y Aventura Xalapa y la regi\u00f3n, dio a conocer que desde septiembre y hasta noviembre, habr\u00e1 festividades en Naolinco.<\/p>\n\n\n\n<p>En entrevista se\u00f1al\u00f3 que a partir del 21 de septiembre, Naolinco tendr\u00e1 diversas actividades como la fiesta patronal de San Mateo Ap\u00f3stol, posteriormente el 24 y 25 festejar\u00e1 al santo de los zapateros y de ah\u00ed se preparar\u00e1 para la fiesta de Todos Santos, en el mes de noviembre.<\/p>\n\n\n\n<p>Coment\u00f3 que este municipio se prepara para recibir turistas durante las fiestas de San Mateo Ap\u00f3stol, el 21 de septiembre, posteriormente, los d\u00edas 24 y 25 del mismo mes, se festejar\u00e1 el santo de San Crisp\u00edn, santo de los zapateros.<br>&#8220;Y pegado con esto, ya comienzan los preparativos para Todos Santos. Todos Santos no s\u00f3lo es el 1 de noviembre con La Cantada, sino que tambi\u00e9n, entendiendo que Naolinco es un centro muy afamado por el D\u00eda de Muertos y por todo lo que representa la gastronom\u00eda; hay muchas panader\u00edas que proveen de pan a toda la regi\u00f3n&#8221;, se\u00f1al\u00f3.<\/p>\n\n\n\n<p>El l\u00edder empresarial coment\u00f3 que si la gente va unos 10 d\u00edas antes del 1 de noviembre, se podr\u00e1 comprobar que las panader\u00edas no hacen otro tipo de pan, m\u00e1s que pan de muerto, luego de estos intensos d\u00edas de labor de los panaderos, que no paran las 24 horas, echan cuetes y cierran 15 d\u00edas para descansar.<\/p>\n\n\n\n<p>&#8220;Cada a\u00f1o Naolinco est\u00e1 al cien por ciento de ocupaci\u00f3n, incluso tenemos faltantes de habitaciones, pero s\u00ed quiero ser muy claro, s\u00f3lo es la noche del 1 de noviembre, porque es La Cantada&#8221;, coment\u00f3.<\/p>\n\n\n\n<p>Meza Ba\u00f1uelos espera que el ayuntamiento de Naolinco apoye para vestir los eventos, pero tambi\u00e9n que haya seguridad y que sean buenos anfitriones.<\/p>\n\n\n\n<p>En otro orden de ideas, refiri\u00f3 que este s\u00e1bado arranca el Costa Esmeralda Fest, pero tambi\u00e9n Xalapa tendr\u00e1 su festival Xalapa y su Cultura que esperan sea para el mes de noviembre.<\/p>\n\n\n\n<p>Finalmente asever\u00f3 que como uni\u00f3n de empresarios tambi\u00e9n est\u00e1n impulsando el turismo deportivo que deja buena derrama econ\u00f3mica como la carrera Telmex, la Copa Xalapa de basquetbol y otros eventos de f\u00fatbol.<\/p>\n","protected":false},"excerpt":{"rendered":"<p>Dar\u00edo Pale Xalapa, Ver.- Carlos Alberto Meza Ba\u00f1uelos, presidente de la Uni\u00f3n de Empresarios Hoteleros de la Regi\u00f3n Cultura y Aventura Xalapa y la regi\u00f3n, dio a conocer que desde septiembre y hasta noviembre, habr\u00e1 festividades en Naolinco. En entrevista se\u00f1al\u00f3 que a partir del 21 de septiembre, Naolinco tendr\u00e1 diversas actividades como la fiesta [&hellip;]<\/p>\n","protected":false},"author":1,"featured_media":19962,"comment_status":"open","ping_status":"open","sticky":false,"template":"","format":"standard","meta":{"_jetpack_memberships_contains_paid_content":false,"footnotes":""},"categories":[8],"tags":[],"class_list":["post-31273","post","type-post","status-publish","format-standard","has-post-thumbnail","hentry","category-region"],"jetpack_featured_media_url":"https:\/\/encuentroinformativo.com.mx\/wp-content\/uploads\/2021\/11\/Calaveras-Naolinco.jpg","jetpack_sharing_enabled":true,"jetpack_likes_enabled":true,"amp_enabled":true,"_links":{"self":[{"href":"https:\/\/encuentroinformativo.com.mx\/index.php?rest_route=\/wp\/v2\/posts\/31273","targetHints":{"allow":["GET"]}}],"collection":[{"href":"https:\/\/encuentroinformativo.com.mx\/index.php?rest_route=\/wp\/v2\/posts"}],"about":[{"href":"https:\/\/encuentroinformativo.com.mx\/index.php?rest_route=\/wp\/v2\/types\/post"}],"author":[{"embeddable":true,"href":"https:\/\/encuentroinformativo.com.mx\/index.php?rest_route=\/wp\/v2\/users\/1"}],"replies":[{"embeddable":true,"href":"https:\/\/encuentroinformativo.com.mx\/index.php?rest_route=%2Fwp%2Fv2%2Fcomments&post=31273"}],"version-history":[{"count":1,"href":"https:\/\/encuentroinformativo.com.mx\/index.php?rest_route=\/wp\/v2\/posts\/31273\/revisions"}],"predecessor-version":[{"id":31274,"href":"https:\/\/encuentroinformativo.com.mx\/index.php?rest_route=\/wp\/v2\/posts\/31273\/revisions\/31274"}],"wp:featuredmedia":[{"embeddable":true,"href":"https:\/\/encuentroinformativo.com.mx\/index.php?rest_route=\/wp\/v2\/media\/19962"}],"wp:attachment":[{"href":"https:\/\/encuentroinformativo.com.mx\/index.php?rest_route=%2Fwp%2Fv2%2Fmedia&parent=31273"}],"wp:term":[{"taxonomy":"category","embeddable":true,"href":"https:\/\/encuentroinformativo.com.mx\/index.php?rest_route=%2Fwp%2Fv2%2Fcategories&post=31273"},{"taxonomy":"post_tag","embeddable":true,"href":"https:\/\/encuentroinformativo.com.mx\/index.php?rest_route=%2Fwp%2Fv2%2Ftags&post=31273"}],"curies":[{"name":"wp","href":"https:\/\/api.w.org\/{rel}","templated":true}]}}