{"id":31276,"date":"2022-09-02T20:30:04","date_gmt":"2022-09-03T01:30:04","guid":{"rendered":"https:\/\/encuentroinformativo.com.mx\/?p=31276"},"modified":"2022-09-02T20:30:08","modified_gmt":"2022-09-03T01:30:08","slug":"proximo-domingo-marisol-delgadillo-asume-presidencia-del-ople","status":"publish","type":"post","link":"https:\/\/encuentroinformativo.com.mx\/?p=31276","title":{"rendered":"Pr\u00f3ximo domingo, Marisol Delgadillo asume presidencia del OPLE"},"content":{"rendered":"\n<p><strong>Dar\u00edo Pale <\/strong><\/p>\n\n\n\n<p>Xalapa, Ver.- El pr\u00f3ximo 4 de septiembre iniciar\u00e1 para el Organismo P\u00fablico Local Electoral (OPLE), una nueva etapa la cual ser\u00e1 presidida por Marisol Alicia Delgadillo Morales \u00a0quien cuenta con una brillante trayectoria profesional, acad\u00e9mica y gran experiencia.<\/p>\n\n\n\n<p>Ella es Licenciada en Derecho por la Universidad Veracruzana, cuenta con estudios de maestr\u00eda, en Derecho Electoral por la Universidad de Xalapa, Acci\u00f3n Pol\u00edtica y Administraci\u00f3n P\u00fablica por la Universidad An\u00e1huac Veracruz, y Administraci\u00f3n de Negocios Global, concluida esta \u00faltima en septiembre de dos mil veintiuno en la Benem\u00e9rita Universidad Aut\u00f3noma de Puebla.<\/p>\n\n\n\n<p>Tambi\u00e9n es Doctora en Administraci\u00f3n P\u00fablica por el Instituto de Administraci\u00f3n P\u00fablica del estado de Veracruz.<\/p>\n\n\n\n<p>En su trayectoria profesional ha destacado por ocupar cargos p\u00fablicos de liderazgo y toma de decisiones, en el \u00e1mbito federal fungi\u00f3 como Subdirectora de Asuntos Jur\u00eddicos del FOVISSSTE, entidad financiera originadora de hipotecas (2015-2018); Subdirectora del Notariado y Bienes Inmuebles del ISSSTE (2013-2015).<\/p>\n\n\n\n<p>En el estado de Veracruz se ha desempe\u00f1ado en organismos aut\u00f3nomos y poderes del Estado, en la Comisi\u00f3n Estatal de Derechos Humanos (2011-2013) se desempe\u00f1\u00f3 como titular de la Secretar\u00eda Ejecutiva, teniendo entre sus atribuciones la vinculaci\u00f3n\u00a0con los organismos de la sociedad civil, acciones de difusi\u00f3n y capacitaci\u00f3n en la materia, aunado a ello, dentro de la otrora Procuradur\u00eda General de Justicia del Estado (2009-2011) se desempe\u00f1\u00f3 como asesora del Consejo Consultivo para la implementaci\u00f3n del Sistema de Justicia Penal.<\/p>\n\n\n\n<p>En la materia electoral del a\u00f1o dos mil ocho a dos mil nueve fue secretaria particular del entonces Secretario Ejecutivo del Instituto Electoral Veracruzano (IEV), Rodolfo Gonz\u00e1lez, tambi\u00e9n se encontr\u00f3 vinculada al m\u00e1ximo \u00f3rgano del Instituto al haber sido asesora de un Consejero Electoral del mismo (2005-2008).<\/p>\n\n\n\n<p>Asimismo, se desarroll\u00f3 dentro del Departamento de Responsabilidades Administrativas de los Servidores P\u00fablicos, en la Secretar\u00eda de Fiscalizaci\u00f3n del Congreso del Estado, como asesora jur\u00eddica.<\/p>\n\n\n\n<p>Qui\u00e9n ser\u00e1 la nueva Consejera Presidenta del OPLE Veracruz tambi\u00e9n abona a su trayectoria haber sido catedr\u00e1tica de programas de licenciatura y posgrado dentro de la planilla de la Universidad An\u00e1huac Veracruz campus Xalapa.<\/p>\n\n\n\n<p>Adem\u00e1s de haberse desempe\u00f1ado en su \u00faltimo cargo como consultora particular en temas de igualdad y no discriminaci\u00f3n.<\/p>\n\n\n\n<p>Por \u00faltimo cabe se\u00f1alar que con la experiencia con la que cuenta quien estar\u00e1 al frente del OPLE se esperan mejores resultados durante su gesti\u00f3n la cual durar\u00e1 siete a\u00f1os.<\/p>\n","protected":false},"excerpt":{"rendered":"<p>Dar\u00edo Pale Xalapa, Ver.- El pr\u00f3ximo 4 de septiembre iniciar\u00e1 para el Organismo P\u00fablico Local Electoral (OPLE), una nueva etapa la cual ser\u00e1 presidida por Marisol Alicia Delgadillo Morales \u00a0quien cuenta con una brillante trayectoria profesional, acad\u00e9mica y gran experiencia. Ella es Licenciada en Derecho por la Universidad Veracruzana, cuenta con estudios de maestr\u00eda, en [&hellip;]<\/p>\n","protected":false},"author":1,"featured_media":31277,"comment_status":"open","ping_status":"open","sticky":false,"template":"","format":"standard","meta":{"_jetpack_memberships_contains_paid_content":false,"footnotes":""},"categories":[2],"tags":[],"class_list":["post-31276","post","type-post","status-publish","format-standard","has-post-thumbnail","hentry","category-estado"],"jetpack_featured_media_url":"https:\/\/encuentroinformativo.com.mx\/wp-content\/uploads\/2022\/09\/E3585681-0B4D-4E47-88E5-9A9BAED93676.jpeg","jetpack_sharing_enabled":true,"jetpack_likes_enabled":true,"amp_enabled":true,"_links":{"self":[{"href":"https:\/\/encuentroinformativo.com.mx\/index.php?rest_route=\/wp\/v2\/posts\/31276","targetHints":{"allow":["GET"]}}],"collection":[{"href":"https:\/\/encuentroinformativo.com.mx\/index.php?rest_route=\/wp\/v2\/posts"}],"about":[{"href":"https:\/\/encuentroinformativo.com.mx\/index.php?rest_route=\/wp\/v2\/types\/post"}],"author":[{"embeddable":true,"href":"https:\/\/encuentroinformativo.com.mx\/index.php?rest_route=\/wp\/v2\/users\/1"}],"replies":[{"embeddable":true,"href":"https:\/\/encuentroinformativo.com.mx\/index.php?rest_route=%2Fwp%2Fv2%2Fcomments&post=31276"}],"version-history":[{"count":1,"href":"https:\/\/encuentroinformativo.com.mx\/index.php?rest_route=\/wp\/v2\/posts\/31276\/revisions"}],"predecessor-version":[{"id":31278,"href":"https:\/\/encuentroinformativo.com.mx\/index.php?rest_route=\/wp\/v2\/posts\/31276\/revisions\/31278"}],"wp:featuredmedia":[{"embeddable":true,"href":"https:\/\/encuentroinformativo.com.mx\/index.php?rest_route=\/wp\/v2\/media\/31277"}],"wp:attachment":[{"href":"https:\/\/encuentroinformativo.com.mx\/index.php?rest_route=%2Fwp%2Fv2%2Fmedia&parent=31276"}],"wp:term":[{"taxonomy":"category","embeddable":true,"href":"https:\/\/encuentroinformativo.com.mx\/index.php?rest_route=%2Fwp%2Fv2%2Fcategories&post=31276"},{"taxonomy":"post_tag","embeddable":true,"href":"https:\/\/encuentroinformativo.com.mx\/index.php?rest_route=%2Fwp%2Fv2%2Ftags&post=31276"}],"curies":[{"name":"wp","href":"https:\/\/api.w.org\/{rel}","templated":true}]}}